{"id":66711,"date":"2019-11-06T11:11:00","date_gmt":"2019-11-06T16:11:00","guid":{"rendered":"https:\/\/linitiative.ca\/International\/m-loukal-presente-le-plf-2020-devant-lapn\/"},"modified":"2019-11-06T11:11:00","modified_gmt":"2019-11-06T16:11:00","slug":"m-loukal-presente-le-plf-2020-devant-lapn","status":"publish","type":"post","link":"https:\/\/linitiative.ca\/International\/m-loukal-presente-le-plf-2020-devant-lapn\/","title":{"rendered":"M. Loukal pr\u00e9sente le PLF 2020 devant l&rsquo;APN"},"content":{"rendered":"<p>Le ministre des Finances, Mohamed Loukal a pr\u00e9sent\u00e9, mercredi, le projet de loi de finances (PLF 2020) devant l&rsquo;Assembl\u00e9e populaire nationale lors d&rsquo;une s\u00e9ance pl\u00e9ni\u00e8re, pr\u00e9sid\u00e9e par son pr\u00e9sident, M. Slimane Chenine, en pr\u00e9sence de plusieurs ministres.<\/p>\n<p>\u00a0Le projet de loi a \u00e9t\u00e9 \u00e9labor\u00e9 dans \u00ab\u00a0un contexte international particulier, caract\u00e9ris\u00e9 par une fluctuation du march\u00e9 de l&rsquo;Energie qui a rendu plus vuln\u00e9rables les pays exportateurs de p\u00e9trole \u00a0\u00bb, a pr\u00e9cis\u00e9 M. Loukal. Il a ajout\u00e9 que le r\u00e9tablissement des grands \u00e9quilibres budg\u00e9taires et des \u00e9quilibres ext\u00e9rieurs s&rsquo;impose face au maintien d&rsquo;une \u00ab\u00a0grande pression\u00a0\u00bb sur le Tr\u00e9sor de l&rsquo;Etat, en raison du recul des revenus du p\u00e9trole, d\u00fb \u00e0 la baisse des cours du p\u00e9trole \u00e0 66,1 dollars fin juillet<\/p>\n<p>M Loukal a indiqu\u00e9 que le maintien de la politique sociale de l&rsquo;Etat pour pr\u00e9server le pouvoir d&rsquo;achat du simple citoyen, demeure parmi les constantes. L&rsquo;Etat veille \u00e0 maintenir un certain niveau d&rsquo;investissement \u00e0 m\u00eame de r\u00e9aliser une croissance \u00e9conomique et de cr\u00e9er des postes d&#8217;emplois.<\/p>\n<p>L&rsquo;ann\u00e9e prochaine conna\u00eetra \u00a0une am\u00e9lioration consid\u00e9rable\u00a0 en ce qui concerne les recettes de la fiscalit\u00e9 ordinaire, gr\u00e2ce \u00e0 l&rsquo;\u00e9largissement de l&rsquo;assiette fiscale, \u00e0 l&rsquo;am\u00e9lioration du recouvrement et \u00e0 la lutte contre la fraude fiscale, selon M. Loukal.<\/p>\n<p>\u00a0Dans l&rsquo;objectif d&rsquo;am\u00e9liorer le climat de l&rsquo;investissement, il a \u00e9t\u00e9 sugg\u00e9r\u00e9 la suppression de la r\u00e8gle 51\/49 pour les secteurs non strat\u00e9giques.<\/p>\n<p>Rappelons que les d\u00e9put\u00e9s ont entam\u00e9 l&rsquo;examen de ce projet. lors de cette pl\u00e9ni\u00e8re.<\/p>\n<p><strong>R\u00e9daction Web<\/strong><\/p>\n<p>Auteur: elmoudjahid<br \/>\n<a href=\"http:\/\/www.elmoudjahid.com\/fr\/actualites\/144121\">Cliquez ici pour lire l&rsquo;article depuis sa source.<\/a><\/p>\n","protected":false},"excerpt":{"rendered":"<p>Le ministre des Finances, Mohamed Loukal a pr\u00e9sent\u00e9, mercredi, le projet de loi de finances (PLF 2020) devant l&rsquo;Assembl\u00e9e populaire nationale lors d&rsquo;une s\u00e9ance pl\u00e9ni\u00e8re, pr\u00e9sid\u00e9e par son pr\u00e9sident, M. Slimane Chenine, en pr\u00e9sence de plusieurs ministres. \u00a0Le projet de loi a \u00e9t\u00e9 \u00e9labor\u00e9 dans \u00ab\u00a0un contexte international particulier, caract\u00e9ris\u00e9 par une fluctuation du march\u00e9 [&hellip;]<\/p>\n","protected":false},"author":1744,"featured_media":0,"comment_status":"closed","ping_status":"closed","sticky":false,"template":"","format":"standard","meta":{"fifu_image_url":"","fifu_image_alt":"","footnotes":""},"categories":[73,53],"tags":[],"class_list":["post-66711","post","type-post","status-publish","format-standard","hentry","category-actualite","category-algerie"],"_links":{"self":[{"href":"https:\/\/linitiative.ca\/International\/wp-json\/wp\/v2\/posts\/66711","targetHints":{"allow":["GET"]}}],"collection":[{"href":"https:\/\/linitiative.ca\/International\/wp-json\/wp\/v2\/posts"}],"about":[{"href":"https:\/\/linitiative.ca\/International\/wp-json\/wp\/v2\/types\/post"}],"author":[{"embeddable":true,"href":"https:\/\/linitiative.ca\/International\/wp-json\/wp\/v2\/users\/1744"}],"replies":[{"embeddable":true,"href":"https:\/\/linitiative.ca\/International\/wp-json\/wp\/v2\/comments?post=66711"}],"version-history":[{"count":0,"href":"https:\/\/linitiative.ca\/International\/wp-json\/wp\/v2\/posts\/66711\/revisions"}],"wp:attachment":[{"href":"https:\/\/linitiative.ca\/International\/wp-json\/wp\/v2\/media?parent=66711"}],"wp:term":[{"taxonomy":"category","embeddable":true,"href":"https:\/\/linitiative.ca\/International\/wp-json\/wp\/v2\/categories?post=66711"},{"taxonomy":"post_tag","embeddable":true,"href":"https:\/\/linitiative.ca\/International\/wp-json\/wp\/v2\/tags?post=66711"}],"curies":[{"name":"wp","href":"https:\/\/api.w.org\/{rel}","templated":true}]}}