{"id":66716,"date":"2019-11-06T09:18:06","date_gmt":"2019-11-06T14:18:06","guid":{"rendered":"https:\/\/linitiative.ca\/International\/97039-para-athletisme-abdellatif-baka-selectionne-pour-promouvoir-les-objectifs-de-developpement-durable\/"},"modified":"2019-11-06T09:18:06","modified_gmt":"2019-11-06T14:18:06","slug":"97039-para-athletisme-abdellatif-baka-selectionne-pour-promouvoir-les-objectifs-de-developpement-durable","status":"publish","type":"post","link":"https:\/\/linitiative.ca\/International\/97039-para-athletisme-abdellatif-baka-selectionne-pour-promouvoir-les-objectifs-de-developpement-durable\/","title":{"rendered":"Para-athl\u00e9tisme: Abdellatif Baka, s\u00e9lectionn\u00e9 pour promouvoir les objectifs de d\u00e9veloppement durable"},"content":{"rendered":"<div readability=\"43\">\n<p><strong>DUBAI- Le champion du Monde alg\u00e9rien de Para-athl\u00e9tisme, Abdellatif Baka a \u00e9t\u00e9 s\u00e9lectionn\u00e9 pour promouvoir le programme de d\u00e9veloppement durable des Nations Unis, lors des Championnat du Monde-2019 qui d\u00e9butent, jeudi \u00e0 Duba\u00ef, en pr\u00e9sence de l&rsquo;Alg\u00e9rie, repr\u00e9sent\u00e9e par 22 athl\u00e8tes dont 8 filles, a-t-on appris, mercredi aupr\u00e8s du pr\u00e9sident de la F\u00e9d\u00e9ration alg\u00e9rienne handisport (FAH), Mohamed Hachefa.<\/strong><\/p>\n<\/div>\n<div readability=\"90.9895008606\">\n<p>\u00a0\u00bb Baka a \u00e9t\u00e9 choisis aux c\u00f4t\u00e9s de cinq autres athl\u00e8tes pour participer \u00e0 la promotion des 17 objectifs de d\u00e9veloppement durable d\u00e9finis par les Nations Unies, \u00e0 travers leur participation aux Championnats du monde de para-athl\u00e9tisme 2019 de Duba\u00ef qui seront un \u00e9v\u00e9nement marquant, car pour la premi\u00e8re fois, ces joutes\u00a0 serviront de plate-forme \u00e0 la promotion des valeurs de l&rsquo;ONU\u00a0\u00bb, a indiqu\u00e9 Hachefa sur son compte Messenger, ajoutant que l&#8217;embl\u00e8me des Nations Unis sera bien visible sur les dossards des athl\u00e8tes participants au Mondial.<\/p>\n<p>Outre Baka, le Comit\u00e9 International Paralympique (IPC) a port\u00e9 son d\u00e9volu sur Atsushi Yamamoto (Japon), Kare Adenegan (Grande-Bretagne), Ken Kahu (Vanuatu), Sara Alsenani (Emirats arabes unis) et Shahrad Nasajpour (Refugee Para Team) qui ont re\u00e7u, mardi, leur dossard des mains du pr\u00e9sident de Duba\u00ef 2019, SE Thani Juma Berregad.<\/p>\n<blockquote readability=\"12\">\n<p><em><strong>\u00a0\u00bb Evidemment c&rsquo;est une fiert\u00e9 pour l&rsquo;Alg\u00e9rie. Baka Abdellatif n&rsquo;est plus \u00e0 pr\u00e9senter. Il est parmi les dix meilleurs athl\u00e8tes mondiaux dans sa sp\u00e9cialit\u00e9, et a toujours su relever les d\u00e9fis dans les grandes manifestations. Ici \u00e0 Duba\u00ef, il est tout r\u00e9solu \u00e0 honorer son statut mondial et paralympique et r\u00e9aliser un bon r\u00e9sultat\u00a0\u00bb, a affirm\u00e9 le pr\u00e9sident de la FAH, pr\u00e9sent \u00e0 Dubai pour encourager les athl\u00e8tes.<\/strong><\/em><\/p>\n<\/blockquote>\n<p>Pour sa part, le champion du Monde en titre du 1500m\/T13 (Londres-2017 et paralympique \u00e0 Rio-2016) s&rsquo;est r\u00e9joui de cette d\u00e9signation et la reconnaissance de l&rsquo;IPC, d\u00e9clarant \u00e0 la presse \u00e0 Duba\u00ef: \u00a0\u00bb Je suis fier de cette d\u00e9signation pour la promotion des valeurs du para-athl\u00e9tisme \u00e0 Duba\u00ef, \u00e0 travers la plate-forme de d\u00e9veloppement durable des Nations Unis.<\/p>\n<hr\/>\n<p><strong>Lire aussi:\u00a0<\/strong><a href=\"http:\/\/www.aps.dz\/sport\/67987-handisport-athletisme-bientot-un-documentaire-sur-la-vie-d-abdellatif-baka\">Handisport\/Athl\u00e9tisme : bient\u00f4t un documentaire sur la vie d&rsquo;Abdellatif Baka<\/a><\/p>\n<hr\/>\n<p>A l&rsquo;instar des pr\u00e9c\u00e9dents mondiaux, je pr\u00e9dis une comp\u00e9tition relev\u00e9e, avec la pr\u00e9sence des meilleurs athl\u00e8tes dans chaque sp\u00e9cialit\u00e9. Je suis toujours heureux de repr\u00e9senter mon pays, \u00e0 chaque fois que l&rsquo;occasion se pr\u00e9sente (&#8230;) je suis ici\u00a0 pour le podium et \u00e9videmment pour l&rsquo;or, tout en sachant que ma tache et celles des autres concurrents ne sera pas ais\u00e9e\u00a0\u00bb.<\/p>\n<p>Les Mondiaux de para-athl\u00e9tisme d\u00e9buteront jeudi et se poursuivront jusqu&rsquo;au 15 novembre au Club des personnes de d\u00e9termination de Duba\u00ef.<\/p>\n<p>Plus de 1400 athl\u00e8tes issus de 120 pays prendront part au rendez-vous de Duba\u00ef. L&rsquo;Alg\u00e9rie est pr\u00e9sente avec 22 de ses meilleurs athl\u00e8tes du moment dont 8 dames ainsi que de jeunes talents qui participent pour la premi\u00e8re fois \u00e0 un mondial, \u00e0 l&rsquo;instar de\u00a0 Mehideb Ahmed, Farhah Walid, Kheila\u00effia Salah, Benallou Bakhta.<\/p>\n<p>L&rsquo;objectif de la participation alg\u00e9rienne est de revenir avec 18 breloques dont deux or, un pronostic \u00e0 la port\u00e9e des co\u00e9quipiers de Baka, m\u00eame si la mission ne sera de tout repos dans une comp\u00e9tition qualificative aux Jeux\u00a0 Paralympiques de Tokyo-2020.<\/p>\n<\/div>\n<p>Auteur:<br \/>\n<a href=\"http:\/\/www.aps.dz\/sport\/97039-para-athletisme-abdellatif-baka-selectionne-pour-promouvoir-les-objectifs-de-developpement-durable?utm_source=feedburner&#038;utm_medium=feed&#038;utm_campaign=Feed%3A+aps-sport+%28APS+-+SPORT%29\">Cliquez ici pour lire l&rsquo;article depuis sa source.<\/a><\/p>\n","protected":false},"excerpt":{"rendered":"<p>DUBAI- Le champion du Monde alg\u00e9rien de Para-athl\u00e9tisme, Abdellatif Baka a \u00e9t\u00e9 s\u00e9lectionn\u00e9 pour promouvoir le programme de d\u00e9veloppement durable des Nations Unis, lors des Championnat du Monde-2019 qui d\u00e9butent, jeudi \u00e0 Duba\u00ef, en pr\u00e9sence de l&rsquo;Alg\u00e9rie, repr\u00e9sent\u00e9e par 22 athl\u00e8tes dont 8 filles, a-t-on appris, mercredi aupr\u00e8s du pr\u00e9sident de la F\u00e9d\u00e9ration alg\u00e9rienne handisport [&hellip;]<\/p>\n","protected":false},"author":1790,"featured_media":0,"comment_status":"closed","ping_status":"closed","sticky":false,"template":"","format":"standard","meta":{"fifu_image_url":"","fifu_image_alt":"","footnotes":""},"categories":[53,75],"tags":[],"class_list":["post-66716","post","type-post","status-publish","format-standard","hentry","category-algerie","category-sport"],"_links":{"self":[{"href":"https:\/\/linitiative.ca\/International\/wp-json\/wp\/v2\/posts\/66716","targetHints":{"allow":["GET"]}}],"collection":[{"href":"https:\/\/linitiative.ca\/International\/wp-json\/wp\/v2\/posts"}],"about":[{"href":"https:\/\/linitiative.ca\/International\/wp-json\/wp\/v2\/types\/post"}],"author":[{"embeddable":true,"href":"https:\/\/linitiative.ca\/International\/wp-json\/wp\/v2\/users\/1790"}],"replies":[{"embeddable":true,"href":"https:\/\/linitiative.ca\/International\/wp-json\/wp\/v2\/comments?post=66716"}],"version-history":[{"count":0,"href":"https:\/\/linitiative.ca\/International\/wp-json\/wp\/v2\/posts\/66716\/revisions"}],"wp:attachment":[{"href":"https:\/\/linitiative.ca\/International\/wp-json\/wp\/v2\/media?parent=66716"}],"wp:term":[{"taxonomy":"category","embeddable":true,"href":"https:\/\/linitiative.ca\/International\/wp-json\/wp\/v2\/categories?post=66716"},{"taxonomy":"post_tag","embeddable":true,"href":"https:\/\/linitiative.ca\/International\/wp-json\/wp\/v2\/tags?post=66716"}],"curies":[{"name":"wp","href":"https:\/\/api.w.org\/{rel}","templated":true}]}}