{"id":66718,"date":"2019-11-06T11:05:00","date_gmt":"2019-11-06T16:05:00","guid":{"rendered":"https:\/\/linitiative.ca\/International\/le-club-des-magistrats-surpris-par-la-decision-du-snm\/"},"modified":"2019-11-06T11:05:00","modified_gmt":"2019-11-06T16:05:00","slug":"le-club-des-magistrats-surpris-par-la-decision-du-snm","status":"publish","type":"post","link":"https:\/\/linitiative.ca\/International\/le-club-des-magistrats-surpris-par-la-decision-du-snm\/","title":{"rendered":"Le Club des magistrats surpris par la d\u00e9cision du SNM !"},"content":{"rendered":"<p><br id=\"sep_para_1\" class=\"sep_para access\"\/><\/p>\n<div id=\"para_1\" class=\"para_33837093 resize\">\n<div class=\"texte access firstletter\">Le Club des magistrats (CDM) s\u2019est dit surpris par la d\u00e9cision \u00ab unilat\u00e9rale \u00bb du Syndicat national des magistrats (SNM) de mettre fin \u00e0 la gr\u00e8ve des juges, rapporte ce mercredi 6 novembre 2019 le site TSA. Il estime que \u00ab l\u2019accord conclu entre le syndicat et le minist\u00e8re de la Justice a d\u00e9\u00e7u de nombreux magistrats honorables \u00bb, et a \u00ab choqu\u00e9 l\u2019\u00e9lite de la soci\u00e9t\u00e9 alg\u00e9rienne \u00bb qui a exprim\u00e9 sa sympathie pour un secteur qui a \u00ab longtemps \u00e9t\u00e9 opprim\u00e9 \u00bb, suite aux \u00e9v\u00e9nements \u00ab tragiques et horribles \u00bb qui se sont d\u00e9roul\u00e9s \u00e0 l\u2019int\u00e9rieur de la Cour d\u2019Oran \u00bb, o\u00f9 des \u00e9l\u00e9ments de la gendarmerie nationale anti\u00e9meute se sont introduits, en usant de la force, pour d\u00e9loger des magistrats gr\u00e9vistes. Le Club des Magistrats a affirm\u00e9 qu\u2019 \u00abil n\u2019a pas \u00e9t\u00e9 consult\u00e9 \u00bb par le syndicat dans la d\u00e9cision de mettre fin \u00e0 la gr\u00e8ve, et que \u00ab son soutien au SNM a \u00e9t\u00e9 en r\u00e9ponse \u00e0 la demande de ce dernier \u00bb. Le Club a par ailleurs soulign\u00e9 que les revendications auxquelles a consenti la tutelle \u00e9taient \u00ab limit\u00e9es \u00bb.<\/div>\n<\/div>\n<p>Auteur: R\u00e9flexion<br \/>\n<a href=\"https:\/\/www.reflexiondz.net\/Le-Club-des-magistrats-surpris-par-la-decision-du-SNM-_a58679.html\">Cliquez ici pour lire l&rsquo;article depuis sa source.<\/a><\/p>\n","protected":false},"excerpt":{"rendered":"<p>Le Club des magistrats (CDM) s\u2019est dit surpris par la d\u00e9cision \u00ab unilat\u00e9rale \u00bb du Syndicat national des magistrats (SNM) de mettre fin \u00e0 la gr\u00e8ve des juges, rapporte ce mercredi 6 novembre 2019 le site TSA. Il estime que \u00ab l\u2019accord conclu entre le syndicat et le minist\u00e8re de la Justice a d\u00e9\u00e7u de [&hellip;]<\/p>\n","protected":false},"author":1740,"featured_media":0,"comment_status":"closed","ping_status":"closed","sticky":false,"template":"","format":"standard","meta":{"fifu_image_url":"","fifu_image_alt":"","footnotes":""},"categories":[53,76],"tags":[],"class_list":["post-66718","post","type-post","status-publish","format-standard","hentry","category-algerie","category-regions"],"_links":{"self":[{"href":"https:\/\/linitiative.ca\/International\/wp-json\/wp\/v2\/posts\/66718","targetHints":{"allow":["GET"]}}],"collection":[{"href":"https:\/\/linitiative.ca\/International\/wp-json\/wp\/v2\/posts"}],"about":[{"href":"https:\/\/linitiative.ca\/International\/wp-json\/wp\/v2\/types\/post"}],"author":[{"embeddable":true,"href":"https:\/\/linitiative.ca\/International\/wp-json\/wp\/v2\/users\/1740"}],"replies":[{"embeddable":true,"href":"https:\/\/linitiative.ca\/International\/wp-json\/wp\/v2\/comments?post=66718"}],"version-history":[{"count":0,"href":"https:\/\/linitiative.ca\/International\/wp-json\/wp\/v2\/posts\/66718\/revisions"}],"wp:attachment":[{"href":"https:\/\/linitiative.ca\/International\/wp-json\/wp\/v2\/media?parent=66718"}],"wp:term":[{"taxonomy":"category","embeddable":true,"href":"https:\/\/linitiative.ca\/International\/wp-json\/wp\/v2\/categories?post=66718"},{"taxonomy":"post_tag","embeddable":true,"href":"https:\/\/linitiative.ca\/International\/wp-json\/wp\/v2\/tags?post=66718"}],"curies":[{"name":"wp","href":"https:\/\/api.w.org\/{rel}","templated":true}]}}