{"id":66719,"date":"2019-11-06T11:05:00","date_gmt":"2019-11-06T16:05:00","guid":{"rendered":"https:\/\/linitiative.ca\/International\/surveillance-de-lelections-presidentielle-lanie-reporte-la-presentation-du-systeme-informatique\/"},"modified":"2019-11-06T11:05:00","modified_gmt":"2019-11-06T16:05:00","slug":"surveillance-de-lelections-presidentielle-lanie-reporte-la-presentation-du-systeme-informatique","status":"publish","type":"post","link":"https:\/\/linitiative.ca\/International\/surveillance-de-lelections-presidentielle-lanie-reporte-la-presentation-du-systeme-informatique\/","title":{"rendered":"SURVEILLANCE DE L\u2019ELECTIONS PRESIDENTIELLE : L\u2019ANIE reporte  la pr\u00e9sentation du syst\u00e8me informatique"},"content":{"rendered":"<p><br id=\"sep_para_1\" class=\"sep_para access\"\/><\/p>\n<div id=\"para_1\" class=\"para_33837084 resize\">\n<div class=\"texte access firstletter\">La pr\u00e9sentation par l&rsquo;Autorit\u00e9 nationale ind\u00e9pendante des \u00e9lections (ANIE) du syst\u00e8me informatique pour la surveillance des \u00e9lections pr\u00e9vue, mercredi, a \u00e9t\u00e9 report\u00e9e pour la semaine prochaine, a-t-on appris, mardi, aupr\u00e8s de cette autorit\u00e9. Le pr\u00e9sident de l&rsquo;ANIE, Mohamed Charfi, avait assur\u00e9, \u00e0 maintes reprises, que la pr\u00e9sidentielle du 12 d\u00e9cembre se d\u00e9roulera en toute transparence, gr\u00e2ce notamment \u00e0 l&rsquo;efficacit\u00e9 des proc\u00e9dures mises en place relatives \u00e0 la surveillance. Il a assur\u00e9, \u00e0 ce propos, lors d&rsquo;un entretien accord\u00e9 \u00e0 l&rsquo;APS, que le syst\u00e8me informatique qui sera pilot\u00e9 par des experts en informatique \u00ab\u00a0rel\u00e8guera la fraude au domaine de l&rsquo;impossible\u00a0\u00bb. \u00ab\u00a0Je pense que personne n&rsquo;oserait une tentative de fraude, avec ce qui sera assur\u00e9 comme proc\u00e9dures pr\u00e9ventives dans ce sens\u00a0\u00bb, a-t-il d\u00e9clar\u00e9. Lors de l&rsquo;annonce des noms des cinq candidats retenus pour l&rsquo;\u00e9lection pr\u00e9sidentielle, M. Charfi a indiqu\u00e9 que l&rsquo;ANIE \u00ab\u00a0s&rsquo;engage \u00e0 garantir une \u00e9lection r\u00e9guli\u00e8re et d\u00e9mocratique\u00a0\u00bb, soulignant que \u00ab\u00a0ses membres sont mobilis\u00e9s pour pr\u00e9server le choix du peuple\u00a0\u00bb. Il a, par la m\u00eame occasion, annonc\u00e9 la pr\u00e9sentation, prochainement, d&rsquo;un expos\u00e9 d\u00e9taill\u00e9\u00a0\u00bb sur le fichier \u00e9lectoral national, notant que \u00ab\u00a0ce qui \u00e9tait consid\u00e9r\u00e9 auparavant comme impossible est devenu aujourd&rsquo;hui une r\u00e9alit\u00e9 et un acquis pour l&rsquo;Alg\u00e9rie\u00a0\u00bb.\u00a0\u00a0<\/div>\n<\/div>\n<p>Auteur: Ismain<br \/>\n<a href=\"https:\/\/www.reflexiondz.net\/SURVEILLANCE-DE-L-ELECTIONS-PRESIDENTIELLE-L-ANIE-reporte-la-presentation-du-systeme-informatique_a58676.html\">Cliquez ici pour lire l&rsquo;article depuis sa source.<\/a><\/p>\n","protected":false},"excerpt":{"rendered":"<p>La pr\u00e9sentation par l&rsquo;Autorit\u00e9 nationale ind\u00e9pendante des \u00e9lections (ANIE) du syst\u00e8me informatique pour la surveillance des \u00e9lections pr\u00e9vue, mercredi, a \u00e9t\u00e9 report\u00e9e pour la semaine prochaine, a-t-on appris, mardi, aupr\u00e8s de cette autorit\u00e9. Le pr\u00e9sident de l&rsquo;ANIE, Mohamed Charfi, avait assur\u00e9, \u00e0 maintes reprises, que la pr\u00e9sidentielle du 12 d\u00e9cembre se d\u00e9roulera en toute transparence, [&hellip;]<\/p>\n","protected":false},"author":1740,"featured_media":0,"comment_status":"closed","ping_status":"closed","sticky":false,"template":"","format":"standard","meta":{"fifu_image_url":"","fifu_image_alt":"","footnotes":""},"categories":[53,76],"tags":[],"class_list":["post-66719","post","type-post","status-publish","format-standard","hentry","category-algerie","category-regions"],"_links":{"self":[{"href":"https:\/\/linitiative.ca\/International\/wp-json\/wp\/v2\/posts\/66719","targetHints":{"allow":["GET"]}}],"collection":[{"href":"https:\/\/linitiative.ca\/International\/wp-json\/wp\/v2\/posts"}],"about":[{"href":"https:\/\/linitiative.ca\/International\/wp-json\/wp\/v2\/types\/post"}],"author":[{"embeddable":true,"href":"https:\/\/linitiative.ca\/International\/wp-json\/wp\/v2\/users\/1740"}],"replies":[{"embeddable":true,"href":"https:\/\/linitiative.ca\/International\/wp-json\/wp\/v2\/comments?post=66719"}],"version-history":[{"count":0,"href":"https:\/\/linitiative.ca\/International\/wp-json\/wp\/v2\/posts\/66719\/revisions"}],"wp:attachment":[{"href":"https:\/\/linitiative.ca\/International\/wp-json\/wp\/v2\/media?parent=66719"}],"wp:term":[{"taxonomy":"category","embeddable":true,"href":"https:\/\/linitiative.ca\/International\/wp-json\/wp\/v2\/categories?post=66719"},{"taxonomy":"post_tag","embeddable":true,"href":"https:\/\/linitiative.ca\/International\/wp-json\/wp\/v2\/tags?post=66719"}],"curies":[{"name":"wp","href":"https:\/\/api.w.org\/{rel}","templated":true}]}}