{"id":66720,"date":"2019-11-06T12:17:00","date_gmt":"2019-11-06T17:17:00","guid":{"rendered":"https:\/\/linitiative.ca\/International\/jeune-fille-kidnappee-a-oran-le-couple-kidnappeur-arrete-a-hassi-mameche\/"},"modified":"2019-11-06T12:17:00","modified_gmt":"2019-11-06T17:17:00","slug":"jeune-fille-kidnappee-a-oran-le-couple-kidnappeur-arrete-a-hassi-mameche","status":"publish","type":"post","link":"https:\/\/linitiative.ca\/International\/jeune-fille-kidnappee-a-oran-le-couple-kidnappeur-arrete-a-hassi-mameche\/","title":{"rendered":"JEUNE FILLE KIDNAPPEE A ORAN : Le couple kidnappeur arr\u00eat\u00e9 \u00e0 Hassi Mam\u00e8che"},"content":{"rendered":"<p><br id=\"sep_para_1\" class=\"sep_para access\"\/><\/p>\n<div id=\"para_1\" class=\"para_33838008 resize\">\n<div class=\"photo shadow left\"><a href=\"javascript:void(0)\" rel=\"https:\/\/www.reflexiondz.net\/photo\/art\/grande\/39188376-33838008.jpg?v=1573063835&#038;ibox\" title=\"JEUNE FILLE KIDNAPPEE A ORAN : Le couple kidnappeur arr\u00eat\u00e9 \u00e0 Hassi Mam\u00e8che\"><img decoding=\"async\" class=\"responsive c9\" src=\"https:\/\/www.reflexiondz.net\/photo\/art\/grande\/39188376-33838008.jpg?v=1573063835\" alt=\"JEUNE FILLE KIDNAPPEE A ORAN : Le couple kidnappeur arr\u00eat\u00e9 \u00e0 Hassi Mam\u00e8che\" title=\"JEUNE FILLE KIDNAPPEE A ORAN : Le couple kidnappeur arr\u00eat\u00e9 \u00e0 Hassi Mam\u00e8che\"\/><img decoding=\"async\" class=\"not-responsive\" src=\"https:\/\/www.reflexiondz.net\/photo\/art\/default\/39188376-33838008.jpg?v=1573063836\" alt=\"JEUNE FILLE KIDNAPPEE A ORAN : Le couple kidnappeur arr\u00eat\u00e9 \u00e0 Hassi Mam\u00e8che\" title=\"JEUNE FILLE KIDNAPPEE A ORAN : Le couple kidnappeur arr\u00eat\u00e9 \u00e0 Hassi Mam\u00e8che\"\/><\/a><\/div>\n<div class=\"texte access firstletter\">Les investigations men\u00e9es par les agents de la S\u00fbret\u00e9 d\u2019Oran au sujet de la disparition d\u2019une jeune fille \u00e2g\u00e9e de 17 ans a fait ressortir que la jeune fille a \u00e9t\u00e9 vue pour la derni\u00e8re fois en compagnie d\u2019un couple compos\u00e9 d\u2019un homme \u00e2g\u00e9 d\u2019une cinquantaine d\u2019ann\u00e9es accompagn\u00e9 de son \u00e9pouse. Ainsi, le couple est identifi\u00e9 par les enqu\u00eateurs, il r\u00e9side au niveau de la commune de Hassi Mam\u00e8che. Tout de suite, les policiers font une descente dans l\u2019appartement du couple \u00e0 Hassi Mam\u00e8che, o\u00f9 ils retrouvent la jeune fille en piteux \u00e9tat, mais saine et sauve. Apr\u00e8s un examen m\u00e9dical, la fille sera remise \u00e0 ses parents, et l\u2019homme et son \u00e9pouse sont remis aux autorit\u00e9s judiciaires. L\u2019enqu\u00eate judicaire d\u00e9terminera bient\u00f4t le mobile de ce couple au sujet de l\u2019enl\u00e8vement de la jeune fille en plein jour, dans l\u2019une des plus grandes art\u00e8res de la ville d\u2019Oran du pays.\u00a0 S\u2019agirait-il d\u2019un r\u00e9seau de prostitution de mineurs ou autres\u00a0 !?\u00a0\u00a0\u00a0\u00a0<\/div>\n<\/div>\n<p>Auteur: Riad<br \/>\n<a href=\"https:\/\/www.reflexiondz.net\/JEUNE-FILLE-KIDNAPPEE-A-ORAN-Le-couple-kidnappeur-arrete-a-Hassi-Mameche_a58681.html\">Cliquez ici pour lire l&rsquo;article depuis sa source.<\/a><\/p>\n","protected":false},"excerpt":{"rendered":"<p>Les investigations men\u00e9es par les agents de la S\u00fbret\u00e9 d\u2019Oran au sujet de la disparition d\u2019une jeune fille \u00e2g\u00e9e de 17 ans a fait ressortir que la jeune fille a \u00e9t\u00e9 vue pour la derni\u00e8re fois en compagnie d\u2019un couple compos\u00e9 d\u2019un homme \u00e2g\u00e9 d\u2019une cinquantaine d\u2019ann\u00e9es accompagn\u00e9 de son \u00e9pouse. Ainsi, le couple est [&hellip;]<\/p>\n","protected":false},"author":1740,"featured_media":0,"comment_status":"closed","ping_status":"closed","sticky":false,"template":"","format":"standard","meta":{"fifu_image_url":"","fifu_image_alt":"","footnotes":""},"categories":[53,76],"tags":[],"class_list":["post-66720","post","type-post","status-publish","format-standard","hentry","category-algerie","category-regions"],"_links":{"self":[{"href":"https:\/\/linitiative.ca\/International\/wp-json\/wp\/v2\/posts\/66720","targetHints":{"allow":["GET"]}}],"collection":[{"href":"https:\/\/linitiative.ca\/International\/wp-json\/wp\/v2\/posts"}],"about":[{"href":"https:\/\/linitiative.ca\/International\/wp-json\/wp\/v2\/types\/post"}],"author":[{"embeddable":true,"href":"https:\/\/linitiative.ca\/International\/wp-json\/wp\/v2\/users\/1740"}],"replies":[{"embeddable":true,"href":"https:\/\/linitiative.ca\/International\/wp-json\/wp\/v2\/comments?post=66720"}],"version-history":[{"count":0,"href":"https:\/\/linitiative.ca\/International\/wp-json\/wp\/v2\/posts\/66720\/revisions"}],"wp:attachment":[{"href":"https:\/\/linitiative.ca\/International\/wp-json\/wp\/v2\/media?parent=66720"}],"wp:term":[{"taxonomy":"category","embeddable":true,"href":"https:\/\/linitiative.ca\/International\/wp-json\/wp\/v2\/categories?post=66720"},{"taxonomy":"post_tag","embeddable":true,"href":"https:\/\/linitiative.ca\/International\/wp-json\/wp\/v2\/tags?post=66720"}],"curies":[{"name":"wp","href":"https:\/\/api.w.org\/{rel}","templated":true}]}}