{"id":66722,"date":"2019-11-06T15:31:00","date_gmt":"2019-11-06T20:31:00","guid":{"rendered":"https:\/\/linitiative.ca\/International\/mots-pour-maux-voter-ou-ne-pas-voter-telle-est-la-question\/"},"modified":"2019-11-06T15:31:00","modified_gmt":"2019-11-06T20:31:00","slug":"mots-pour-maux-voter-ou-ne-pas-voter-telle-est-la-question","status":"publish","type":"post","link":"https:\/\/linitiative.ca\/International\/mots-pour-maux-voter-ou-ne-pas-voter-telle-est-la-question\/","title":{"rendered":"MOTS POUR MAUX : Voter ou ne pas  Voter telle est  la question..!"},"content":{"rendered":"<p><br id=\"sep_para_1\" class=\"sep_para access\"\/><\/p>\n<div id=\"para_1\" class=\"para_33838822 resize\">\n<div class=\"texte access firstletter\">J\u2019irai voter par conviction.<br \/>J\u2019irai voter pour un suffrage universel en bonne et d\u00fb forme.<br \/>J\u2019irai voter pour un candidat qui incarne les valeurs r\u00e9publicaines, un candidat qui a le sens des responsabilit\u00e9s, je donnerai ma voix \u00e0 qui la portera au firmament et tracera les voies du savoir, de la science, de la connaissance, de l\u2019effort dans le travail jusqu\u2019\u00e0 l\u2019aboutissement de l\u2019excellence.<br \/>J\u2019irai donner ma voix \u00e0 l\u2019intelligence, \u00e0 la probit\u00e9, \u00e0 la droiture, \u00e0 l\u2019humilit\u00e9 et aux comp\u00e9tences.<br \/>J\u2019irai donner ma voix \u00e0 celui qui a int\u00e9gr\u00e9 dans son sillage ce qu\u2019est la Nanotechnologie, la Neurobiotechnologie celui qui priorise la recherche et le d\u00e9veloppement et qui cr\u00e9era de la richesse hors \u2013\u2013hydrocarbures en mettant un point d\u2019honneur \u00e0 f\u00eater le dernier baril tir\u00e9. Celui qui r\u00e9unira la diaspora Alg\u00e9rienne \u00e9parpill\u00e9e aux quatre coins du monde, qui repr\u00e9sente un tr\u00e9sor incommensurable dans la ma\u00eetrise des nouvelles technologies, de la biodiversit\u00e9, des \u00e9nergies renouvelables, du management et de la haute finance &#8230;<br \/>J\u2019irai voter pour un visionnaire dont mes petits enfants en seront fiers en lisant leurs manuels scolaires<br \/>J\u2019irai voter pour celui qui rassemblera au lieu de diviser le peuple Alg\u00e9rien, pour celui qui \u00e9coutera sa voix et bannira la langue de bois.<br \/>En attendant ce futur pr\u00e9sident parfait, j\u2019irai voter pour ne pas laisser le vide et le danger qui guette mon pays en proie \u00e0 l\u2019instabilit\u00e9 et aux menaces \u00e9trang\u00e8res qui aiguisent leurs app\u00e9tits pour le d\u00e9chiqueter en mille morceaux \u00e0 la moindre occasion.<br \/>Et si toutefois ces valeurs ne sont pas toutes r\u00e9unies dans mon futur pr\u00e9sident, je me contenterai de sa bonne foi \u00e0 \u0153uvrer dans le bon sens pour y arriver&#8230;<br \/>Le cas \u00e9ch\u00e9ant, rien ne m\u2019emp\u00eachera de redescendre dans la rue pour un autre 22 F\u00e9vrier un autre HIRAK moubarek&#8230;<br \/>J\u2019irai voter anim\u00e9 par l\u2019intime, l\u2019ultime conviction : que \u00ab Bl\u00e8di d\u2019Abord ! \u00bb<\/div>\n<\/div>\n<p>Auteur: Ahmed Benmeghrouzi<br \/>\n<a href=\"https:\/\/www.reflexiondz.net\/MOTS-POUR-MAUX-Voter-ou-ne-pas-Voter-telle-est-la-question-_a58682.html\">Cliquez ici pour lire l&rsquo;article depuis sa source.<\/a><\/p>\n","protected":false},"excerpt":{"rendered":"<p>J\u2019irai voter par conviction.J\u2019irai voter pour un suffrage universel en bonne et d\u00fb forme.J\u2019irai voter pour un candidat qui incarne les valeurs r\u00e9publicaines, un candidat qui a le sens des responsabilit\u00e9s, je donnerai ma voix \u00e0 qui la portera au firmament et tracera les voies du savoir, de la science, de la connaissance, de l\u2019effort [&hellip;]<\/p>\n","protected":false},"author":1740,"featured_media":0,"comment_status":"closed","ping_status":"closed","sticky":false,"template":"","format":"standard","meta":{"fifu_image_url":"","fifu_image_alt":"","footnotes":""},"categories":[53,76],"tags":[],"class_list":["post-66722","post","type-post","status-publish","format-standard","hentry","category-algerie","category-regions"],"_links":{"self":[{"href":"https:\/\/linitiative.ca\/International\/wp-json\/wp\/v2\/posts\/66722","targetHints":{"allow":["GET"]}}],"collection":[{"href":"https:\/\/linitiative.ca\/International\/wp-json\/wp\/v2\/posts"}],"about":[{"href":"https:\/\/linitiative.ca\/International\/wp-json\/wp\/v2\/types\/post"}],"author":[{"embeddable":true,"href":"https:\/\/linitiative.ca\/International\/wp-json\/wp\/v2\/users\/1740"}],"replies":[{"embeddable":true,"href":"https:\/\/linitiative.ca\/International\/wp-json\/wp\/v2\/comments?post=66722"}],"version-history":[{"count":0,"href":"https:\/\/linitiative.ca\/International\/wp-json\/wp\/v2\/posts\/66722\/revisions"}],"wp:attachment":[{"href":"https:\/\/linitiative.ca\/International\/wp-json\/wp\/v2\/media?parent=66722"}],"wp:term":[{"taxonomy":"category","embeddable":true,"href":"https:\/\/linitiative.ca\/International\/wp-json\/wp\/v2\/categories?post=66722"},{"taxonomy":"post_tag","embeddable":true,"href":"https:\/\/linitiative.ca\/International\/wp-json\/wp\/v2\/tags?post=66722"}],"curies":[{"name":"wp","href":"https:\/\/api.w.org\/{rel}","templated":true}]}}