{"id":66729,"date":"2019-11-06T12:07:00","date_gmt":"2019-11-06T17:07:00","guid":{"rendered":"https:\/\/linitiative.ca\/International\/le-ministre-de-lenvironnement-costa-ecomondo-levenement-le-plus-important-au-monde-sur-lecologie\/"},"modified":"2019-11-06T12:07:00","modified_gmt":"2019-11-06T17:07:00","slug":"le-ministre-de-lenvironnement-costa-ecomondo-levenement-le-plus-important-au-monde-sur-lecologie","status":"publish","type":"post","link":"https:\/\/linitiative.ca\/International\/le-ministre-de-lenvironnement-costa-ecomondo-levenement-le-plus-important-au-monde-sur-lecologie\/","title":{"rendered":"Le ministre de l&rsquo;environnement Costa: \u00abecomondo, l&rsquo;\u00e9v\u00e9nement le plus important au monde sur l\u2019\u00e9cologie\u00bb"},"content":{"rendered":"<p>Le Sous-secr\u00e9taire \u00e0 la Pr\u00e9sidence du Conseil des Ministres, Riccardo Fraccaro, et Antonio Misiani, Sous-secr\u00e9taire d&rsquo;\u00c9tat \u00e0 l&rsquo;\u00c9conomie et aux Finances, repr\u00e9sentent le gouvernement.<br \/>Message du Ministre du D\u00e9veloppement \u00c9conomique Stefano Patuanelli.<\/p>\n<p>Rimini, 6 novembre 2019 \u2013 Des nouveaux mod\u00e8les pour le d\u00e9veloppement de l&rsquo;\u00e9conomie circulaire aux solutions technologiques pour la gestion et la protection des ressources. ECOMONDO et KEY ENERGY, de concert avec DPE et SAL.VE, ont ouvert les portes du Salon de Rimini, pour animer jusqu&rsquo;au vendredi 8, la grande plateforme d\u2019Italian Exhibition Group, destin\u00e9e \u00e0 favoriser le d\u00e9veloppement d&rsquo;un \u00e9cosyst\u00e8me entrepreneurial innovant, le seul capable de construire un avenir plus durable.<\/p>\n<p>Sur les 129 000 m\u00e8tres carr\u00e9s du parc des expositions, 1 300 entreprises provenant de 30 pays animent Ecomondo, le principal \u00e9v\u00e9nement europ\u00e9en de l&rsquo;\u00e9conomie circulaire et verte, Key Energy, le salon des \u00e9nergies renouvelables, le salon biennal Sal.Ve. &#8211; le salon du v\u00e9hicule pour l\u2019\u00e9cologie, auxquels s\u2019ajoute la premi\u00e8re \u00e9dition de DPE &#8211; Distributed Power Europe, le salon d\u00e9di\u00e9 \u00e0 la production d\u2019\u00e9lectricit\u00e9.<\/p>\n<p>La c\u00e9r\u00e9monie d\u2019ouverture a eu lieu dans le hall sud. L&rsquo;inauguration a \u00e9t\u00e9 confi\u00e9e \u00e0 Sergio Costa, Ministre de l&rsquo;Environnement et de la protection du territoire et de la Mer, en pr\u00e9sence du Sous-secr\u00e9taire \u00e0 la Pr\u00e9sidence du Conseil des Ministres, Riccardo Fraccaro, d\u2019Antonio Misiani, Sous-secr\u00e9taire d&rsquo;\u00c9tat \u00e0 l\u2019\u00c9conomie et aux Finances, du Conseiller pour les politiques environnementales de la R\u00e9gion \u00c9milie-Romagne, Paola Gazzolo, du Conseiller pour l\u2019environnement de la Ville de Rimini, Anna Montini, et du pr\u00e9sident d\u2019Italian Exhibition Group, Lorenzo Cagnoni.<\/p>\n<p><a href=\"http:\/\/www.ecomondo.com\" target=\"_blank\" rel=\"noopener noreferrer\">www.ecomondo.com<\/a>\u00a0\u00a0 <a href=\"http:\/\/www.keyenergy.it\" target=\"_blank\" rel=\"noopener noreferrer\">www.keyenergy.it<\/a><\/p>\n<p>Auteur:<br \/>\n<a href=\"https:\/\/www.leaders.com.tn\/article\/28357-le-ministre-de-l-environnement-costa-ecomondo-l-evenement-le-plus-important-au-monde-sur-l-ecologie\">Cliquez ici pour lire l&rsquo;article depuis sa source.<\/a><\/p>\n","protected":false},"excerpt":{"rendered":"<p>Le Sous-secr\u00e9taire \u00e0 la Pr\u00e9sidence du Conseil des Ministres, Riccardo Fraccaro, et Antonio Misiani, Sous-secr\u00e9taire d&rsquo;\u00c9tat \u00e0 l&rsquo;\u00c9conomie et aux Finances, repr\u00e9sentent le gouvernement.Message du Ministre du D\u00e9veloppement \u00c9conomique Stefano Patuanelli. Rimini, 6 novembre 2019 \u2013 Des nouveaux mod\u00e8les pour le d\u00e9veloppement de l&rsquo;\u00e9conomie circulaire aux solutions technologiques pour la gestion et la protection des [&hellip;]<\/p>\n","protected":false},"author":1772,"featured_media":0,"comment_status":"closed","ping_status":"closed","sticky":false,"template":"","format":"standard","meta":{"fifu_image_url":"","fifu_image_alt":"","footnotes":""},"categories":[73,55],"tags":[],"class_list":["post-66729","post","type-post","status-publish","format-standard","hentry","category-actualite","category-tunisie"],"_links":{"self":[{"href":"https:\/\/linitiative.ca\/International\/wp-json\/wp\/v2\/posts\/66729","targetHints":{"allow":["GET"]}}],"collection":[{"href":"https:\/\/linitiative.ca\/International\/wp-json\/wp\/v2\/posts"}],"about":[{"href":"https:\/\/linitiative.ca\/International\/wp-json\/wp\/v2\/types\/post"}],"author":[{"embeddable":true,"href":"https:\/\/linitiative.ca\/International\/wp-json\/wp\/v2\/users\/1772"}],"replies":[{"embeddable":true,"href":"https:\/\/linitiative.ca\/International\/wp-json\/wp\/v2\/comments?post=66729"}],"version-history":[{"count":0,"href":"https:\/\/linitiative.ca\/International\/wp-json\/wp\/v2\/posts\/66729\/revisions"}],"wp:attachment":[{"href":"https:\/\/linitiative.ca\/International\/wp-json\/wp\/v2\/media?parent=66729"}],"wp:term":[{"taxonomy":"category","embeddable":true,"href":"https:\/\/linitiative.ca\/International\/wp-json\/wp\/v2\/categories?post=66729"},{"taxonomy":"post_tag","embeddable":true,"href":"https:\/\/linitiative.ca\/International\/wp-json\/wp\/v2\/tags?post=66729"}],"curies":[{"name":"wp","href":"https:\/\/api.w.org\/{rel}","templated":true}]}}