{"id":66731,"date":"2019-11-06T14:08:00","date_gmt":"2019-11-06T19:08:00","guid":{"rendered":"https:\/\/linitiative.ca\/International\/youssef-chahed-jeudi-a-alger-il-est-porteur-dun-message-du-president-saied\/"},"modified":"2019-11-06T14:08:00","modified_gmt":"2019-11-06T19:08:00","slug":"youssef-chahed-jeudi-a-alger-il-est-porteur-dun-message-du-president-saied","status":"publish","type":"post","link":"https:\/\/linitiative.ca\/International\/youssef-chahed-jeudi-a-alger-il-est-porteur-dun-message-du-president-saied\/","title":{"rendered":"Youssef Chahed jeudi \u00e0 Alger. Il est porteur d&rsquo;un message du pr\u00e9sident  Sa\u00efed"},"content":{"rendered":"<p>Le Chef du gouvernement est attendu jeudi \u00e0 Alger. Au cours de cette visite, Youssef Chahed remettra au pr\u00e9sident alg\u00e9rien Abdelkader Ben Salah un message du pr\u00e9sident Ka\u00efs Sa\u00efed.<\/p>\n<p>\u00abCette visite officielle d\u2019une journ\u00e9e en Alg\u00e9rie confirme l\u2019excellence des relations fraternelles entre les deux pays\u00a0 et leur ferme volont\u00e9 de les \u00e9lever au rang de partenariat strat\u00e9gique et solidaire\u00bb,<br \/>Lors de son discours d\u2019investiture, le pr\u00e9sident de la R\u00e9publique avait annonc\u00e9 que sa premi\u00e8re visite \u00e0 l\u2019\u00e9tranger sera en Alg\u00e9rie conform\u00e9ment \u00e0 une tradition bien ancr\u00e9e qui a \u00e9t\u00e9 toujours respect\u00e9e par tous les pr\u00e9d\u00e9cesseurs de Ka\u00efs Sa\u00efed.<\/p>\n<p>Auteur:<br \/>\n<a href=\"https:\/\/www.leaders.com.tn\/article\/28358-youssef-chahed-jeudi-a-alger-il-est-porteur-d-un-message-du-president\">Cliquez ici pour lire l&rsquo;article depuis sa source.<\/a><\/p>\n","protected":false},"excerpt":{"rendered":"<p>Le Chef du gouvernement est attendu jeudi \u00e0 Alger. Au cours de cette visite, Youssef Chahed remettra au pr\u00e9sident alg\u00e9rien Abdelkader Ben Salah un message du pr\u00e9sident Ka\u00efs Sa\u00efed. \u00abCette visite officielle d\u2019une journ\u00e9e en Alg\u00e9rie confirme l\u2019excellence des relations fraternelles entre les deux pays\u00a0 et leur ferme volont\u00e9 de les \u00e9lever au rang de [&hellip;]<\/p>\n","protected":false},"author":1772,"featured_media":0,"comment_status":"closed","ping_status":"closed","sticky":false,"template":"","format":"standard","meta":{"fifu_image_url":"","fifu_image_alt":"","footnotes":""},"categories":[73,55],"tags":[],"class_list":["post-66731","post","type-post","status-publish","format-standard","hentry","category-actualite","category-tunisie"],"_links":{"self":[{"href":"https:\/\/linitiative.ca\/International\/wp-json\/wp\/v2\/posts\/66731","targetHints":{"allow":["GET"]}}],"collection":[{"href":"https:\/\/linitiative.ca\/International\/wp-json\/wp\/v2\/posts"}],"about":[{"href":"https:\/\/linitiative.ca\/International\/wp-json\/wp\/v2\/types\/post"}],"author":[{"embeddable":true,"href":"https:\/\/linitiative.ca\/International\/wp-json\/wp\/v2\/users\/1772"}],"replies":[{"embeddable":true,"href":"https:\/\/linitiative.ca\/International\/wp-json\/wp\/v2\/comments?post=66731"}],"version-history":[{"count":0,"href":"https:\/\/linitiative.ca\/International\/wp-json\/wp\/v2\/posts\/66731\/revisions"}],"wp:attachment":[{"href":"https:\/\/linitiative.ca\/International\/wp-json\/wp\/v2\/media?parent=66731"}],"wp:term":[{"taxonomy":"category","embeddable":true,"href":"https:\/\/linitiative.ca\/International\/wp-json\/wp\/v2\/categories?post=66731"},{"taxonomy":"post_tag","embeddable":true,"href":"https:\/\/linitiative.ca\/International\/wp-json\/wp\/v2\/tags?post=66731"}],"curies":[{"name":"wp","href":"https:\/\/api.w.org\/{rel}","templated":true}]}}