{"id":66735,"date":"2019-11-06T12:05:14","date_gmt":"2019-11-06T17:05:14","guid":{"rendered":"https:\/\/linitiative.ca\/International\/44eme-anniversaire-de-la-marche-verte-le-discours-integral-de-sm-le-roi\/"},"modified":"2019-11-06T12:05:14","modified_gmt":"2019-11-06T17:05:14","slug":"44eme-anniversaire-de-la-marche-verte-le-discours-integral-de-sm-le-roi","status":"publish","type":"post","link":"https:\/\/linitiative.ca\/International\/44eme-anniversaire-de-la-marche-verte-le-discours-integral-de-sm-le-roi\/","title":{"rendered":"44\u00e8me anniversaire de la Marche verte : le discours int\u00e9gral de SM le roi"},"content":{"rendered":"<p><strong>SM le roi Mohammed VI a adress\u00e9 mercredi un discours \u00e0 la Nation \u00e0 l\u2019occasion du 44\u00e8me anniversaire de la Marche verte.<\/strong><\/p>\n<div class=\"c10\"\/>\n<p>Le souverain a ainsi rappel\u00e9 que l\u2019Initiative d\u2019autonomie est la seule voie possible pour parvenir \u00e0 un r\u00e8glement du conflit. SM le roi a \u00e9galement appel\u00e9 \u00e0 l\u2019\u00e9tablissement d\u2019une liaison ferroviaire entre Marrakech et Agadir et du d\u00e9veloppement du r\u00e9seau routier entre Agadir et Dakhla.<\/p>\n<p>Dans son discours, SM le roi a notamment abord\u00e9 le besoin d\u2019accro\u00eetre le niveau des \u00e9changes commerciaux, ainsi que le volume des investissements marocains \u00e0 l\u2019\u00e9chelle de l\u2019Afrique.<\/p>\n<p>Voici le texte int\u00e9gral du discours royal :<\/p>\n<p>\u00a0\u00ab\u00a0Louange \u00e0 Dieu, Pri\u00e8re et salut sur le Proph\u00e8te, Sa famille et Ses compagnons.<\/p>\n<p>Cher peuple,<\/p>\n<p>La Marche Verte a \u00e9t\u00e9 et restera le symbole absolu de la symbiose qui unit indissolublement le Tr\u00f4ne et le peuple.<\/p>\n<p>Elle est la preuve, s\u2019il en est besoin, qu\u2019ensemble, le Roi et le peuple du Maroc sont capables de relever les d\u00e9fis auxquels la Nation peut \u00eatre confront\u00e9e.<\/p>\n<p>L\u2019\u00e9lan qui, en 1975, a rendu possible la r\u00e9cup\u00e9ration du Sahara se perp\u00e9tue aujourd\u2019hui encore, et c\u2019est toujours l\u2019esprit imp\u00e9rissable de la Marche Verte qui nous anime quand nous nous engageons \u00e0 mener \u00e0 bonne fin le d\u00e9veloppement de toutes les r\u00e9gions du Royaume.<\/p>\n<p>Nous nourrissons la m\u00eame ambition pour Nos Provinces du Sud qui constituent un v\u00e9ritable trait d\u2019union entre le Maroc et le reste de l\u2019Afrique sur les plans g\u00e9ographique, humain et \u00e9conomique.<\/p>\n<p>Cher peuple,<\/p>\n<p>Sur la Marocanit\u00e9 du Sahara, le Maroc a toujours affich\u00e9 une position claire, inspir\u00e9e par une foi in\u00e9branlable dans la justesse de sa Cause et la l\u00e9gitimit\u00e9 de ses droits.<\/p>\n<p>C\u2019est, donc, avec sinc\u00e9rit\u00e9 et bonne foi qu\u2019il continuera \u00e0 \u0153uvrer, conform\u00e9ment au processus politique exclusivement onusien et aux r\u00e9solutions du Conseil de s\u00e9curit\u00e9, pour parvenir \u00e0 une solution politique, r\u00e9aliste, pragmatique et consensuelle.<\/p>\n<p>S\u00e9rieuse, cr\u00e9dible, judicieuse dans ses orientations, l\u2019Initiative d\u2019autonomie constitue la traduction concr\u00e8te de la solution recherch\u00e9e. En effet, elle est la seule voie possible pour parvenir \u00e0 un r\u00e8glement du conflit, dans le respect total de l\u2019unit\u00e9 nationale et de l\u2019int\u00e9grit\u00e9 territoriale du Royaume.<\/p>\n<p>Cette perspective s\u2019est renforc\u00e9e du fait qu\u2019un nombre sans cesse croissant de pays (pour \u00eatre plus pr\u00e9cis 163 \u00e0 ce jour) ne reconnaissent pas l\u2019entit\u00e9 fictive de la RASD.<\/p>\n<p>L\u2019Initiative d\u2019autonomie est \u00e9galement confort\u00e9e par les partenariats et les accords qui lient les grandes puissances ainsi qu\u2019un certain nombre de pays fr\u00e8res et amis \u00e0 notre pays et qui couvrent toutes ses r\u00e9gions, y compris les Provinces du Sud.<\/p>\n<p>Cher peuple,<\/p>\n<p>Gr\u00e2ce \u00e0 la Marche Verte, le Maroc a recouvr\u00e9 ses Provinces du sud.<\/p>\n<p>Depuis, la carte du Maroc a bien chang\u00e9. Pourtant, nous n\u2019en assimilons pas toujours exactement sa configuration qui situe Rabat \u00e0 la pointe nord du pays, et Agadir en son centre.<\/p>\n<p>En effet, Agadir se trouve quasiment \u00e0 \u00e9quidistance de Tanger et des Provinces sahariennes.<\/p>\n<p>Aussi, il est inconcevable qu\u2019en d\u00e9pit de la centralit\u00e9 g\u00e9ographique de la R\u00e9gion d\u2019Agadir, en d\u00e9pit de ses ressources, de ses potentialit\u00e9s, certaines infrastructures de base s\u2019arr\u00eatent \u00e0 la hauteur de Marrakech.<\/p>\n<p>Par cons\u00e9quent, Nous appelons \u00e0 une r\u00e9flexion s\u00e9rieuse sur l\u2019\u00e9tablissement d\u2019une liaison ferroviaire entre Marrakech et Agadir, en envisageant la perspective d\u2019une extension ult\u00e9rieure au reste des Provinces du sud.<\/p>\n<p>Nous pr\u00e9conisons aussi le d\u00e9veloppement du r\u00e9seau routier que nous renfor\u00e7ons d\u2019ores et d\u00e9j\u00e0 par la mise en place de la voie express Agadir-Dakhla.<\/p>\n<p>Cette ligne contribuera non seulement au d\u00e9senclavement de l\u2019ensemble de la r\u00e9gion, mais surtout \u00e0 son d\u00e9veloppement et \u00e0 son essor \u00e9conomique, en dynamisant notamment le transport des personnes et des marchandises et en apportant un soutien aux secteurs \u00e9conomiques en g\u00e9n\u00e9ral, aux activit\u00e9s d\u2019export et au tourisme en particulier.<\/p>\n<p>Ce projet d\u2019infrastructure ferroviaire constituera enfin un levier essentiel pour la cr\u00e9ation de nombreux emplois, non seulement dans la R\u00e9gion de Souss, mais aussi dans toutes les zones avoisinantes.<\/p>\n<p>En effet, la r\u00e9gion de Souss-Massa doit devenir un p\u00f4le \u00e9conomique reliant les parties septentrionale et m\u00e9ridionale du Maroc, en op\u00e9rant la jonction entre Tanger au Nord et Oujda \u00e0 l\u2019Est d\u2019une part, et Nos provinces sahariennes d\u2019autre part. Cette orientation s\u2019inscrit dans le cadre de la R\u00e9gionalisation avanc\u00e9e, pens\u00e9e dans l\u2019esprit d\u2019une r\u00e9partition \u00e9quitable des richesses entre les R\u00e9gions du Royaume.<\/p>\n<p>Le Maroc que Nous appelons de nos v\u0153ux doit \u00eatre \u00e9difi\u00e9 dans un esprit d\u2019harmonie et de compl\u00e9mentarit\u00e9 entre ses r\u00e9gions. Par ailleurs, chacune doit pouvoir b\u00e9n\u00e9ficier \u00e9quitablement des infrastructures et des grands projets, n\u00e9cessairement profitables \u00e0 l\u2019ensemble du pays.<\/p>\n<p>Le d\u00e9veloppement r\u00e9gional doit \u00eatre fond\u00e9 sur la coop\u00e9ration entre les r\u00e9gions et sur leur compl\u00e9mentarit\u00e9. Chacune d\u2019elles doit, selon ses potentialit\u00e9s et ses sp\u00e9cificit\u00e9s, disposer d\u2019une grande zone d\u00e9di\u00e9e aux activit\u00e9s \u00e9conomiques.<\/p>\n<p>Il importe, \u00e9galement, de mettre en \u0153uvre les politiques sectorielles au niveau r\u00e9gional.<\/p>\n<p>A cet \u00e9gard, Nous soulignons que la dynamique nouvelle, que Nous avons lanc\u00e9e au niveau des institutions de l\u2019Etat, du gouvernement et de l\u2019Administration, devra, aussi, \u00eatre d\u00e9clin\u00e9e \u00e0 l\u2019\u00e9chelle r\u00e9gionale.<\/p>\n<p>Cher peuple,<\/p>\n<p>Notre souci d\u2019assurer un d\u00e9veloppement \u00e9quilibr\u00e9 et \u00e9quitable, profitant \u00e0 toutes les r\u00e9gions du Royaume n\u2019a d\u2019\u00e9gal que Notre engagement \u00e0 \u00e9tablir des relations saines et solides avec les Etats maghr\u00e9bins fr\u00e8res.<\/p>\n<p>De fait, au regard des opportunit\u00e9s et des enjeux qu\u2019elle rec\u00e8le, la situation actuelle dans la r\u00e9gion et dans l\u2019espace m\u00e9diterran\u00e9en sollicite notre attention et nous incite \u00e0 entreprendre une action constructive. En effet :<\/p>\n<p>\u00a0\u2022 D\u2019une part, la jeunesse maghr\u00e9bine exige de nous la mise en place d\u2019un espace ouvert, propice \u00e0 l\u2019interaction et \u00e0 l\u2019\u00e9change ;<\/p>\n<p>\u2022 D\u2019autre part, le secteur des affaires requiert que lui soient assur\u00e9es des conditions favorables \u00e0 son d\u00e9veloppement ;<\/p>\n<p>\u2022 De m\u00eame, nos partenaires, Europ\u00e9ens en particulier, ont besoin d\u2019un associ\u00e9 efficace ;<\/p>\n<p>\u2022 Quant \u00e0 nos fr\u00e8res d\u2019Afrique subsaharienne, ils attendent que nos pays contribuent \u00e0 r\u00e9aliser les programmes et \u00e0 relever les d\u00e9fis majeurs dans le continent ;<\/p>\n<p>\u00a0\u2022 Enfin, nos fr\u00e8res arabes d\u00e9sirent voir le Grand Maghreb s\u2019associer \u00e0 l\u2019\u00e9dification d\u2019un nouvel ordre arabe.<\/p>\n<p>Les espoirs et les attentes sont \u00e9normes ; les d\u00e9fis sont nombreux et complexes. Mais, on peut d\u00e9plorer que certains n\u2019en mesurent pas l\u2019importance.<\/p>\n<p>\u00a0En v\u00e9rit\u00e9, notre ennemi commun r\u00e9side dans l\u2019immobilisme et le faible niveau de d\u00e9veloppement que connaissent encore nos cinq peuples.<\/p>\n<p>Cher peuple,<\/p>\n<p>Le Sahara marocain constitue le portail du Maroc vers l\u2019Afrique subsaharienne.<\/p>\n<p>Depuis Notre accession au Tr\u00f4ne, Nous avons inscrit notre Continent au c\u0153ur de notre politique ext\u00e9rieure. Ainsi, Nous avons effectu\u00e9 de nombreuses visites dans ses diff\u00e9rents pays et conclu avec eux pr\u00e8s de mille accords couvrant tous les domaines de coop\u00e9ration.<\/p>\n<p>Cette orientation a port\u00e9 ses fruits puisque le Maroc occupe d\u00e9sormais, une place de choix en Afrique, dans les domaines \u00e9conomique, politique, culturel et religieux.<\/p>\n<p>Bien plus, Nous sommes d\u00e9termin\u00e9 \u00e0 \u00e9riger le Maroc en acteur cl\u00e9 de la construction de l\u2019Afrique de demain.<\/p>\n<p>Notre ambition est \u00e9galement d\u2019accro\u00eetre le niveau des \u00e9changes commerciaux, ainsi que le volume des investissements marocains \u00e0 l\u2019\u00e9chelle du Continent. Il s\u2019agit, infine, d\u2019amorcer une \u00e9tape nouvelle, sur la base d\u2019int\u00e9r\u00eats mutuellement b\u00e9n\u00e9fiques.<\/p>\n<p>Pour atteindre ces objectifs, le Maroc devra honorer ses engagements et continuer \u00e0 consolider sa pr\u00e9sence en Afrique.<\/p>\n<p>\u00a0Cher peuple,<\/p>\n<p>Nous sommes tous concern\u00e9s quand l\u2019enjeu est de pr\u00e9server l\u2019unit\u00e9 nationale et l\u2019int\u00e9grit\u00e9 territoriale, de promouvoir le d\u00e9veloppement global \u00e0 l\u2019\u00e9chelle du pays tout entier.<\/p>\n<p>Il nous appartient, en outre, de raffermir sans cesse les relations humaines, \u00e9conomiques et politiques qui lient le Maroc aux pays africains.<\/p>\n<p>Le moment est propice pour r\u00e9affirmer notre attachement au serment de la Marche Verte, et notre fid\u00e9lit\u00e9 \u00e0 la m\u00e9moire immacul\u00e9e de son Artisan, Notre V\u00e9n\u00e9r\u00e9 P\u00e8re, Sa Majest\u00e9 le Roi Hassan II, que Dieu l\u2019ait en Sa sainte mis\u00e9ricorde, ainsi qu\u2019\u00e0 toutes les \u00e2mes \u00e9prises de libert\u00e9, \u00e0 ces Marocains qui ont consenti bien des sacrifices pour la libert\u00e9 et le progr\u00e8s du Maroc, pour son unit\u00e9, sa s\u00e9curit\u00e9 et sa stabilit\u00e9.<\/p>\n<p>Wassalamou alaikoum warahmatoullahi wabarakatouh\u00a0\u00bb.<\/p>\n<p><iframe loading=\"lazy\" src=\"https:\/\/www.facebook.com\/plugins\/video.php?href=https%3A%2F%2Fwww.facebook.com%2FRADIOMFM.Officiel%2Fvideos%2F419212092095458%2F&#038;show_text=1&#038;width=560\" width=\"560\" height=\"491\" class=\"c11\" scrolling=\"no\" frameborder=\"0\" allowtransparency=\"true\" allow=\"encrypted-media\" allowfullscreen=\"true\">[embedded content]<\/iframe><\/p>\n<div class=\"c18\">\n<fieldset class=\"c17\">\n<legend><strong><span class=\"c12\">Challenge<\/span><span class=\"c13\">news<\/span><\/strong><\/legend>\n<div class=\"c16\">Le meilleur de la r\u00e9daction s\u00e9lectionn\u00e9 par Challenge :<\/p>\n<\/div>\n<\/fieldset>\n<\/div>\n<p>Auteur: challenge<br \/>\n<a href=\"https:\/\/www.challenge.ma\/44eme-anniversaire-de-la-marche-verte-le-discours-integral-de-sm-le-roi-122599\/\">Cliquez ici pour lire l&rsquo;article depuis sa source.<\/a><\/p>\n","protected":false},"excerpt":{"rendered":"<p>SM le roi Mohammed VI a adress\u00e9 mercredi un discours \u00e0 la Nation \u00e0 l\u2019occasion du 44\u00e8me anniversaire de la Marche verte. Le souverain a ainsi rappel\u00e9 que l\u2019Initiative d\u2019autonomie est la seule voie possible pour parvenir \u00e0 un r\u00e8glement du conflit. SM le roi a \u00e9galement appel\u00e9 \u00e0 l\u2019\u00e9tablissement d\u2019une liaison ferroviaire entre Marrakech [&hellip;]<\/p>\n","protected":false},"author":1787,"featured_media":0,"comment_status":"closed","ping_status":"closed","sticky":false,"template":"","format":"standard","meta":{"fifu_image_url":"","fifu_image_alt":"","footnotes":""},"categories":[78,54],"tags":[],"class_list":["post-66735","post","type-post","status-publish","format-standard","hentry","category-economie","category-maroc"],"_links":{"self":[{"href":"https:\/\/linitiative.ca\/International\/wp-json\/wp\/v2\/posts\/66735","targetHints":{"allow":["GET"]}}],"collection":[{"href":"https:\/\/linitiative.ca\/International\/wp-json\/wp\/v2\/posts"}],"about":[{"href":"https:\/\/linitiative.ca\/International\/wp-json\/wp\/v2\/types\/post"}],"author":[{"embeddable":true,"href":"https:\/\/linitiative.ca\/International\/wp-json\/wp\/v2\/users\/1787"}],"replies":[{"embeddable":true,"href":"https:\/\/linitiative.ca\/International\/wp-json\/wp\/v2\/comments?post=66735"}],"version-history":[{"count":0,"href":"https:\/\/linitiative.ca\/International\/wp-json\/wp\/v2\/posts\/66735\/revisions"}],"wp:attachment":[{"href":"https:\/\/linitiative.ca\/International\/wp-json\/wp\/v2\/media?parent=66735"}],"wp:term":[{"taxonomy":"category","embeddable":true,"href":"https:\/\/linitiative.ca\/International\/wp-json\/wp\/v2\/categories?post=66735"},{"taxonomy":"post_tag","embeddable":true,"href":"https:\/\/linitiative.ca\/International\/wp-json\/wp\/v2\/tags?post=66735"}],"curies":[{"name":"wp","href":"https:\/\/api.w.org\/{rel}","templated":true}]}}