{"id":66736,"date":"2019-11-06T12:20:50","date_gmt":"2019-11-06T17:20:50","guid":{"rendered":"https:\/\/linitiative.ca\/International\/benalla-devoile-ce-quils-ne-veulent-pas-que-je-dise\/"},"modified":"2019-11-06T12:20:50","modified_gmt":"2019-11-06T17:20:50","slug":"benalla-devoile-ce-quils-ne-veulent-pas-que-je-dise","status":"publish","type":"post","link":"https:\/\/linitiative.ca\/International\/benalla-devoile-ce-quils-ne-veulent-pas-que-je-dise\/","title":{"rendered":"Benalla d\u00e9voile \u00ab\u00a0Ce qu\u2019ils ne veulent pas que je dise\u00a0\u00bb"},"content":{"rendered":"<p><strong>L\u2019ancien charg\u00e9 de mission \u00e0 l\u2019Elys\u00e9e, Alexandre Benalla s\u2019appr\u00eate \u00e0 publier un ouvrage qui pourrait en faire trembler quelques-uns au Palais pr\u00e9sidentiel Fran\u00e7ais.\u00a0<\/strong><\/p>\n<div class=\"c10\"\/>\n<p>Accus\u00e9 d\u2019avoir\u00a0molest\u00e9 deux manifestants le 1er mai 2018, ensuite d\u00e9mis de ses fonctions par le directeur de Cabinet d\u2019Emmanuel Macron et\u00a0mis en examen pour violences en r\u00e9union dans l\u2019exercice d\u2019une fonction publique, <strong>Benalla<\/strong> revient sur son ann\u00e9e pass\u00e9e au palais pr\u00e9sidentiel dans\u00a0\u00ab Ce qu\u2019ils ne veulent pas que je dise \u00bb (\u00e9ditions Plon).<\/p>\n<p>280 pages de r\u00e9cit et de confidences sur les derniers mois tumultueux\u00a0du\u00a0responsable de s\u00e9curit\u00e9 et agent public fran\u00e7ais. Alexandre Benalla reconna\u00eet que\u00a0\u00abdes erreurs ont \u00e9t\u00e9 commises \u00e9videmment, par moi, c\u2019est certain, mais il semble malgr\u00e9 tout que j\u2019ai le dos bien large. Et je suis loin d\u2019\u00eatre le seul responsable de ce naufrage. Je suis le fusible utile du pouvoir\u00bb, s\u2019explique-t-il au magazine\u00a0Le Point.<\/p>\n<p>Le responsable de s\u00e9curit\u00e9, qui d\u00e9crit son r\u00f4le comme celui d\u2019un \u00ab fusible \u00bb,\u00a0monte au cr\u00e9neau contre certaines personnes \u00e0 l\u2019\u00c9lys\u00e9e : des conseillers que l\u2019ancien charg\u00e9 de mission accuse de\u00a0\u00ab l\u00e2chet\u00e9 \u00bb. Pour le reste, il revient sur ses ann\u00e9es au Parti socialiste, aux c\u00f4t\u00e9s de Martine Aubry, puis de Fran\u00e7ois Hollande durant la campagne pr\u00e9sidentielle de 2012.<\/p>\n<div class=\"wp-block-embed__wrapper\"><iframe loading=\"lazy\" title=\"1er mai, passeports, contrat russe... Le r\u00e9cap' des affaires Benalla\" width=\"1140\" height=\"641\" src=\"https:\/\/www.youtube.com\/embed\/lEv_r_ISjIw?feature=oembed\" frameborder=\"0\" allow=\"accelerometer; autoplay; encrypted-media; gyroscope; picture-in-picture\" allowfullscreen=\"\">[embedded content]<\/iframe><\/div>\n<div class=\"c17\">\n<fieldset class=\"c16\">\n<legend><strong><span class=\"c11\">Challenge<\/span><span class=\"c12\">news<\/span><\/strong><\/legend>\n<div class=\"c15\">Le meilleur de la r\u00e9daction s\u00e9lectionn\u00e9 par Challenge :<\/p>\n<\/div>\n<\/fieldset>\n<\/div>\n<p>Auteur: Hajar DARI<br \/>\n<a href=\"https:\/\/www.challenge.ma\/benalla-devoile-ce-quils-ne-veulent-pas-que-je-dise-122542\/\">Cliquez ici pour lire l&rsquo;article depuis sa source.<\/a><\/p>\n","protected":false},"excerpt":{"rendered":"<p>L\u2019ancien charg\u00e9 de mission \u00e0 l\u2019Elys\u00e9e, Alexandre Benalla s\u2019appr\u00eate \u00e0 publier un ouvrage qui pourrait en faire trembler quelques-uns au Palais pr\u00e9sidentiel Fran\u00e7ais.\u00a0 Accus\u00e9 d\u2019avoir\u00a0molest\u00e9 deux manifestants le 1er mai 2018, ensuite d\u00e9mis de ses fonctions par le directeur de Cabinet d\u2019Emmanuel Macron et\u00a0mis en examen pour violences en r\u00e9union dans l\u2019exercice d\u2019une fonction publique, [&hellip;]<\/p>\n","protected":false},"author":1787,"featured_media":0,"comment_status":"closed","ping_status":"closed","sticky":false,"template":"","format":"standard","meta":{"fifu_image_url":"","fifu_image_alt":"","footnotes":""},"categories":[78,54],"tags":[],"class_list":["post-66736","post","type-post","status-publish","format-standard","hentry","category-economie","category-maroc"],"_links":{"self":[{"href":"https:\/\/linitiative.ca\/International\/wp-json\/wp\/v2\/posts\/66736","targetHints":{"allow":["GET"]}}],"collection":[{"href":"https:\/\/linitiative.ca\/International\/wp-json\/wp\/v2\/posts"}],"about":[{"href":"https:\/\/linitiative.ca\/International\/wp-json\/wp\/v2\/types\/post"}],"author":[{"embeddable":true,"href":"https:\/\/linitiative.ca\/International\/wp-json\/wp\/v2\/users\/1787"}],"replies":[{"embeddable":true,"href":"https:\/\/linitiative.ca\/International\/wp-json\/wp\/v2\/comments?post=66736"}],"version-history":[{"count":0,"href":"https:\/\/linitiative.ca\/International\/wp-json\/wp\/v2\/posts\/66736\/revisions"}],"wp:attachment":[{"href":"https:\/\/linitiative.ca\/International\/wp-json\/wp\/v2\/media?parent=66736"}],"wp:term":[{"taxonomy":"category","embeddable":true,"href":"https:\/\/linitiative.ca\/International\/wp-json\/wp\/v2\/categories?post=66736"},{"taxonomy":"post_tag","embeddable":true,"href":"https:\/\/linitiative.ca\/International\/wp-json\/wp\/v2\/tags?post=66736"}],"curies":[{"name":"wp","href":"https:\/\/api.w.org\/{rel}","templated":true}]}}