{"id":66737,"date":"2019-11-06T12:31:46","date_gmt":"2019-11-06T17:31:46","guid":{"rendered":"https:\/\/linitiative.ca\/International\/ocde-les-bonnes-pratiques-pour-lafrique-du-nord\/"},"modified":"2019-11-06T12:31:46","modified_gmt":"2019-11-06T17:31:46","slug":"ocde-les-bonnes-pratiques-pour-lafrique-du-nord","status":"publish","type":"post","link":"https:\/\/linitiative.ca\/International\/ocde-les-bonnes-pratiques-pour-lafrique-du-nord\/","title":{"rendered":"OCDE : les bonnes pratiques pour l\u2019Afrique du Nord"},"content":{"rendered":"<p><strong>Le <a href=\"http:\/\/oecd-ilibrary.org\/docserver\/291046f7-fr.pdf?expires=1573056966&#038;id=id&#038;accname=guest&#038;checksum=5D28FD256D57B7F9957695154E13C1E6(ouvre%20un%20nouvel%20onglet)\">rapport<\/a> de l\u2019OCDE pointe du doigt les lacunes de l\u2019Afrique du Nord, notamment le retard de la R&#038;D et les difficult\u00e9s de financement.<\/strong><\/p>\n<div class=\"c10\"\/>\n<p>La transformation productive en <strong>Afrique du Nord<\/strong> reste inachev\u00e9e en raison d\u2019une forte concentration des exportations sur le p\u00e9trole et ses d\u00e9riv\u00e9s, ainsi que sur les produits \u00e0 faible sophistication. C\u2019est l\u2019une des principales conclusions du rapport \u00ab\u00a0Dynamiques du d\u00e9veloppement en Afrique 2019\u00a0\u00bb publi\u00e9 par l\u2019Organisation de coop\u00e9ration et de d\u00e9veloppement \u00e9conomiques (OCDE).<\/p>\n<p>Le rapport pr\u00e9sent\u00e9 \u00e0 Antananarivo (Madagascar) liste d\u2019autres freins \u00e0 la transformation productive en Afrique du Nord. Il s\u2019agit du retard dans les domaines de l\u2019innovation et de la technologie, la faible int\u00e9gration r\u00e9gionale et l\u2019insuffisance des infrastructures logistiques, outre un <strong>climat des affaires<\/strong> peu attractif et des difficult\u00e9s de financement.\u00a0<\/p>\n<p>Pour autant, l\u2019\u00e9tude pr\u00e9conise que les politiques publiques en mati\u00e8re de renforcement du capital humain doivent se traduire par un soutien ferme \u00e0 la <strong>recherche et d\u00e9veloppement<\/strong> (R&#038;D), ainsi qu\u2019\u00e0 l\u2019innovation, par le biais\u00a0 de m\u00e9canismes de financement et de transferts technologiques.\u00a0<\/p>\n<p><img decoding=\"async\" src=\"https:\/\/www.challenge.ma\/wp-content\/uploads\/2019\/11\/OCDE-Afrique-du-Nord-721x1024.png\" alt=\"\" class=\"wp-image-122572\" srcset=\"https:\/\/www.challenge.ma\/wp-content\/uploads\/2019\/11\/OCDE-Afrique-du-Nord-721x1024.png 721w, https:\/\/www.challenge.ma\/wp-content\/uploads\/2019\/11\/OCDE-Afrique-du-Nord-211x300.png 211w, https:\/\/www.challenge.ma\/wp-content\/uploads\/2019\/11\/OCDE-Afrique-du-Nord-768x1091.png 768w, https:\/\/www.challenge.ma\/wp-content\/uploads\/2019\/11\/OCDE-Afrique-du-Nord-360x512.png 360w, https:\/\/www.challenge.ma\/wp-content\/uploads\/2019\/11\/OCDE-Afrique-du-Nord-750x1066.png 750w, https:\/\/www.challenge.ma\/wp-content\/uploads\/2019\/11\/OCDE-Afrique-du-Nord.png 1000w\" sizes=\"(max-width: 721px) 100vw, 721px\"\/><\/p>\n<p>Le rapport de l\u2019<strong>OCDE<\/strong> insiste \u00e9galement sur les mesures de facilitation\u00a0 du\u00a0 commerce intra-r\u00e9gional, telles que l\u2019harmonisation des standards techniques et la lev\u00e9e des barri\u00e8res, surtout non tarifaires, \u00e0 la libre circulation des biens et des services. Aussi, soutient l\u2019\u00e9tude, l\u2019am\u00e9lioration\u00a0 du climat s\u00e9curitaire et des affaires s\u2019impose par le biais notamment de codes d\u2019investissements attractifs et de mesures fiscales incitatives pour la\u00a0 mise en place de partenariats publics-priv\u00e9s (PPP).<\/p>\n<p>Lire aussi : <a href=\"https:\/\/www.challenge.ma\/crise-economique-mondiale-locde-tire-la-sonnette-dalarme-117884\/\" target=\"_blank\" rel=\"noreferrer noopener\">Crise \u00e9conomique mondiale : L\u2019OCDE tire la sonnette d\u2019alarme !<\/a><\/p>\n<p>Sur le volet continental, le rapport note que les entreprises africaines sont la cl\u00e9 de la transformation \u00e9conomique du continent, mais elles ont besoin que les pouvoirs publics mettent en place des conditions plus favorables pour qu\u2019elles puissent prosp\u00e9rer. \u00c0 d\u00e9faut de changements radicaux des politiques publiques, la plupart des entreprises africaines risquent de ne pas \u00eatre en mesure de tirer parti des avantages offerts par la Zone de libre-\u00e9change continentale africaine (ZLECAf), un march\u00e9 fort de 1,2 milliard de consommateurs.<\/p>\n<div class=\"c17\">\n<fieldset class=\"c16\">\n<legend><strong><span class=\"c11\">Challenge<\/span><span class=\"c12\">news<\/span><\/strong><\/legend>\n<div class=\"c15\">Le meilleur de la r\u00e9daction s\u00e9lectionn\u00e9 par Challenge :<\/p>\n<\/div>\n<\/fieldset>\n<\/div>\n<p>Auteur: challenge<br \/>\n<a href=\"https:\/\/www.challenge.ma\/ocde-les-bonnes-pratiques-pour-lafrique-du-nord-122569\/\">Cliquez ici pour lire l&rsquo;article depuis sa source.<\/a><\/p>\n","protected":false},"excerpt":{"rendered":"<p>Le rapport de l\u2019OCDE pointe du doigt les lacunes de l\u2019Afrique du Nord, notamment le retard de la R&#038;D et les difficult\u00e9s de financement. La transformation productive en Afrique du Nord reste inachev\u00e9e en raison d\u2019une forte concentration des exportations sur le p\u00e9trole et ses d\u00e9riv\u00e9s, ainsi que sur les produits \u00e0 faible sophistication. C\u2019est [&hellip;]<\/p>\n","protected":false},"author":1787,"featured_media":66738,"comment_status":"closed","ping_status":"closed","sticky":false,"template":"","format":"standard","meta":{"fifu_image_url":"","fifu_image_alt":"","footnotes":""},"categories":[78,54],"tags":[],"class_list":["post-66737","post","type-post","status-publish","format-standard","has-post-thumbnail","hentry","category-economie","category-maroc"],"_links":{"self":[{"href":"https:\/\/linitiative.ca\/International\/wp-json\/wp\/v2\/posts\/66737","targetHints":{"allow":["GET"]}}],"collection":[{"href":"https:\/\/linitiative.ca\/International\/wp-json\/wp\/v2\/posts"}],"about":[{"href":"https:\/\/linitiative.ca\/International\/wp-json\/wp\/v2\/types\/post"}],"author":[{"embeddable":true,"href":"https:\/\/linitiative.ca\/International\/wp-json\/wp\/v2\/users\/1787"}],"replies":[{"embeddable":true,"href":"https:\/\/linitiative.ca\/International\/wp-json\/wp\/v2\/comments?post=66737"}],"version-history":[{"count":0,"href":"https:\/\/linitiative.ca\/International\/wp-json\/wp\/v2\/posts\/66737\/revisions"}],"wp:featuredmedia":[{"embeddable":true,"href":"https:\/\/linitiative.ca\/International\/wp-json\/"}],"wp:attachment":[{"href":"https:\/\/linitiative.ca\/International\/wp-json\/wp\/v2\/media?parent=66737"}],"wp:term":[{"taxonomy":"category","embeddable":true,"href":"https:\/\/linitiative.ca\/International\/wp-json\/wp\/v2\/categories?post=66737"},{"taxonomy":"post_tag","embeddable":true,"href":"https:\/\/linitiative.ca\/International\/wp-json\/wp\/v2\/tags?post=66737"}],"curies":[{"name":"wp","href":"https:\/\/api.w.org\/{rel}","templated":true}]}}