{"id":66739,"date":"2019-11-06T14:32:09","date_gmt":"2019-11-06T19:32:09","guid":{"rendered":"https:\/\/linitiative.ca\/International\/emirats-arabes-unis-cheikh-khalifa-bin-zayed-reelu-pour-un-4e-mandat\/"},"modified":"2019-11-06T14:32:09","modified_gmt":"2019-11-06T19:32:09","slug":"emirats-arabes-unis-cheikh-khalifa-bin-zayed-reelu-pour-un-4e-mandat","status":"publish","type":"post","link":"https:\/\/linitiative.ca\/International\/emirats-arabes-unis-cheikh-khalifa-bin-zayed-reelu-pour-un-4e-mandat\/","title":{"rendered":"Emirats arabes unis : Cheikh Khalifa Bin Zayed r\u00e9\u00e9lu pour un 4\u00e8 mandat"},"content":{"rendered":"<p><strong>Cheikh Khalifa Bin Zayed Al Nahyan a \u00e9t\u00e9 r\u00e9\u00e9lu \u00e0 la pr\u00e9sidence de l\u2019Etat des \u00c9mirats arabes unis (EEAU) pour un quatri\u00e8me mandat, apprend-on mercredi de source officielle.<\/strong><\/p>\n<div class=\"c10\"\/>\n<p>\u00ab\u00a0Le Conseil supr\u00eame a renouvel\u00e9 sa confiance en Cheikh Khalifa Bin Zayed Al Nahyan en tant que pr\u00e9sident des \u00c9mirats arabes unis pour un quatri\u00e8me mandat de cinq ans, conform\u00e9ment \u00e0 la Constitution\u00a0\u00bb, pr\u00e9cise-t-on de m\u00eame source.<\/p>\n<p>Cheikh Khalifa a \u00e9t\u00e9 \u00e9lu chef d\u2019\u00c9tat pour la premi\u00e8re fois le 3 novembre 2004. En vertu des dispositions de la Constitution des \u00c9mirats arabes unis, le Conseil supr\u00eame \u00e9lit parmi ses membres le pr\u00e9sident des \u00c9mirats arabes unis pour un mandat de cinq ans, renouvelable.<\/p>\n<p>Plus haute autorit\u00e9 de l\u2019\u00c9tat, le Conseil supr\u00eame est compos\u00e9 des gouverneurs de tous les \u00e9mirats composant le pays, et chaque \u00e9mirat dispose d\u2019une voix lors des d\u00e9lib\u00e9rations du Conseil.<\/p>\n<div class=\"c17\">\n<fieldset class=\"c16\">\n<legend><strong><span class=\"c11\">Challenge<\/span><span class=\"c12\">news<\/span><\/strong><\/legend>\n<div class=\"c15\">Le meilleur de la r\u00e9daction s\u00e9lectionn\u00e9 par Challenge :<\/p>\n<\/div>\n<\/fieldset>\n<\/div>\n<p>Auteur: challenge<br \/>\n<a href=\"https:\/\/www.challenge.ma\/emirats-arabes-unis-cheikh-khalifa-bin-zayed-reelu-pour-un-4e-mandat-122587\/\">Cliquez ici pour lire l&rsquo;article depuis sa source.<\/a><\/p>\n","protected":false},"excerpt":{"rendered":"<p>Cheikh Khalifa Bin Zayed Al Nahyan a \u00e9t\u00e9 r\u00e9\u00e9lu \u00e0 la pr\u00e9sidence de l\u2019Etat des \u00c9mirats arabes unis (EEAU) pour un quatri\u00e8me mandat, apprend-on mercredi de source officielle. \u00ab\u00a0Le Conseil supr\u00eame a renouvel\u00e9 sa confiance en Cheikh Khalifa Bin Zayed Al Nahyan en tant que pr\u00e9sident des \u00c9mirats arabes unis pour un quatri\u00e8me mandat de [&hellip;]<\/p>\n","protected":false},"author":1787,"featured_media":0,"comment_status":"closed","ping_status":"closed","sticky":false,"template":"","format":"standard","meta":{"fifu_image_url":"","fifu_image_alt":"","footnotes":""},"categories":[78,54],"tags":[],"class_list":["post-66739","post","type-post","status-publish","format-standard","hentry","category-economie","category-maroc"],"_links":{"self":[{"href":"https:\/\/linitiative.ca\/International\/wp-json\/wp\/v2\/posts\/66739","targetHints":{"allow":["GET"]}}],"collection":[{"href":"https:\/\/linitiative.ca\/International\/wp-json\/wp\/v2\/posts"}],"about":[{"href":"https:\/\/linitiative.ca\/International\/wp-json\/wp\/v2\/types\/post"}],"author":[{"embeddable":true,"href":"https:\/\/linitiative.ca\/International\/wp-json\/wp\/v2\/users\/1787"}],"replies":[{"embeddable":true,"href":"https:\/\/linitiative.ca\/International\/wp-json\/wp\/v2\/comments?post=66739"}],"version-history":[{"count":0,"href":"https:\/\/linitiative.ca\/International\/wp-json\/wp\/v2\/posts\/66739\/revisions"}],"wp:attachment":[{"href":"https:\/\/linitiative.ca\/International\/wp-json\/wp\/v2\/media?parent=66739"}],"wp:term":[{"taxonomy":"category","embeddable":true,"href":"https:\/\/linitiative.ca\/International\/wp-json\/wp\/v2\/categories?post=66739"},{"taxonomy":"post_tag","embeddable":true,"href":"https:\/\/linitiative.ca\/International\/wp-json\/wp\/v2\/tags?post=66739"}],"curies":[{"name":"wp","href":"https:\/\/api.w.org\/{rel}","templated":true}]}}