{"id":66740,"date":"2019-11-06T15:37:49","date_gmt":"2019-11-06T20:37:49","guid":{"rendered":"https:\/\/linitiative.ca\/International\/cafu-rivaldo-etoo-portent-le-maillot-des-lions-de-latlas\/"},"modified":"2019-11-06T15:37:49","modified_gmt":"2019-11-06T20:37:49","slug":"cafu-rivaldo-etoo-portent-le-maillot-des-lions-de-latlas","status":"publish","type":"post","link":"https:\/\/linitiative.ca\/International\/cafu-rivaldo-etoo-portent-le-maillot-des-lions-de-latlas\/","title":{"rendered":"Cafu, Rivaldo, Eto\u2019o\u2026 portent le maillot des Lions de l\u2019Atlas"},"content":{"rendered":"<p><strong>Le stade Cheikh Mohamed Laghdaf \u00e0 La\u00e2youne a \u00e9t\u00e9 de nouveau la destination privil\u00e9gi\u00e9e d\u2019une pl\u00e9iade de l\u00e9gendes vivantes du ballon rond mondial qui ont particip\u00e9 mercredi \u00e0 un match de gala pour f\u00eater avec le peuple marocain le 44\u00e8 anniversaire de la glorieuse Marche verte.<\/strong><\/p>\n<div class=\"c10\"\/>\n<p>Des dizaines de grands noms ayant marqu\u00e9 durant plusieurs ann\u00e9es de leur empreinte le football marocain, africain et mondial ont offert \u00e0 la population de la ville de La\u00e2youne un spectacle haut en couleur lors de cette manifestation sportive, plac\u00e9e sous le Haut patronage de SM le Roi Mohammed VI.<\/p>\n<p>Organis\u00e9 en collaboration avec le minist\u00e8re de la Culture, de la jeunesse et des sports, ce match qui s\u2019est d\u00e9roul\u00e9 en pr\u00e9sence de plus de 10.000 spectateurs a oppos\u00e9 l\u2019\u00e9quipe des anciens joueurs arabes et africains \u00e0 celle des anciens du reste du monde.<\/p>\n<p>Y ont pris part un nombre de figures embl\u00e9matiques du football, telles que les Br\u00e9siliens Cafu, Rivaldo et Edmilson, l\u2019Argentin Javier Saviola, le S\u00e9n\u00e9galais El-Hadji Diouf, les Camerounais Samuel Eto\u2019o et Roger Milla, l\u2019Egyptien Mohamed Aboutrika, le Tunisien Karim Hakki, outre les Marocains Hassan Fadel, Salaheddine Bassir et Rachid Daoudi, ainsi que d\u2019autres vedettes du ballon rond.\u00a0\u00a0<\/p>\n<p>Cette rencontre footballistique s\u2019est sold\u00e9e par le score de 1 \u00e0 0 au profit de l\u2019\u00e9quipe des anciens joueurs arabes et africains, sign\u00e9 par le buteur historique de la Coupe d\u2019Afrique des Nations, Eto\u2019o.\u00a0<\/p>\n<p>D\u00e8s leur arriv\u00e9e dans la capitale des Provinces du Sud, un accueil des plus enthousiaste a \u00e9t\u00e9 r\u00e9serv\u00e9 \u00e0 ces stars qui ont tenu \u00e0 assister \u00e0 ce grand rendez-vous, pour partager avec le public des instants de joie et de bonheur et revivre les souvenirs d\u2019un pass\u00e9 proche.\u00a0<\/p>\n<div class=\"c17\">\n<fieldset class=\"c16\">\n<legend><strong><span class=\"c11\">Challenge<\/span><span class=\"c12\">news<\/span><\/strong><\/legend>\n<div class=\"c15\">Le meilleur de la r\u00e9daction s\u00e9lectionn\u00e9 par Challenge :<\/p>\n<\/div>\n<\/fieldset>\n<\/div>\n<p>Auteur: challenge<br \/>\n<a href=\"https:\/\/www.challenge.ma\/cafu-rivaldo-etoo-portent-le-maillot-des-lions-de-latlas-122590\/\">Cliquez ici pour lire l&rsquo;article depuis sa source.<\/a><\/p>\n","protected":false},"excerpt":{"rendered":"<p>Le stade Cheikh Mohamed Laghdaf \u00e0 La\u00e2youne a \u00e9t\u00e9 de nouveau la destination privil\u00e9gi\u00e9e d\u2019une pl\u00e9iade de l\u00e9gendes vivantes du ballon rond mondial qui ont particip\u00e9 mercredi \u00e0 un match de gala pour f\u00eater avec le peuple marocain le 44\u00e8 anniversaire de la glorieuse Marche verte. Des dizaines de grands noms ayant marqu\u00e9 durant plusieurs [&hellip;]<\/p>\n","protected":false},"author":1787,"featured_media":0,"comment_status":"closed","ping_status":"closed","sticky":false,"template":"","format":"standard","meta":{"fifu_image_url":"","fifu_image_alt":"","footnotes":""},"categories":[78,54],"tags":[],"class_list":["post-66740","post","type-post","status-publish","format-standard","hentry","category-economie","category-maroc"],"_links":{"self":[{"href":"https:\/\/linitiative.ca\/International\/wp-json\/wp\/v2\/posts\/66740","targetHints":{"allow":["GET"]}}],"collection":[{"href":"https:\/\/linitiative.ca\/International\/wp-json\/wp\/v2\/posts"}],"about":[{"href":"https:\/\/linitiative.ca\/International\/wp-json\/wp\/v2\/types\/post"}],"author":[{"embeddable":true,"href":"https:\/\/linitiative.ca\/International\/wp-json\/wp\/v2\/users\/1787"}],"replies":[{"embeddable":true,"href":"https:\/\/linitiative.ca\/International\/wp-json\/wp\/v2\/comments?post=66740"}],"version-history":[{"count":0,"href":"https:\/\/linitiative.ca\/International\/wp-json\/wp\/v2\/posts\/66740\/revisions"}],"wp:attachment":[{"href":"https:\/\/linitiative.ca\/International\/wp-json\/wp\/v2\/media?parent=66740"}],"wp:term":[{"taxonomy":"category","embeddable":true,"href":"https:\/\/linitiative.ca\/International\/wp-json\/wp\/v2\/categories?post=66740"},{"taxonomy":"post_tag","embeddable":true,"href":"https:\/\/linitiative.ca\/International\/wp-json\/wp\/v2\/tags?post=66740"}],"curies":[{"name":"wp","href":"https:\/\/api.w.org\/{rel}","templated":true}]}}