{"id":66747,"date":"2019-11-06T16:26:06","date_gmt":"2019-11-06T21:26:06","guid":{"rendered":"https:\/\/linitiative.ca\/International\/tunisie-maghzaoui-ennahdha-na-pas-interet-a-refaire-les-elections-car-elle-est-en-chute-libre-depuis-2011\/"},"modified":"2019-11-06T16:26:06","modified_gmt":"2019-11-06T21:26:06","slug":"tunisie-maghzaoui-ennahdha-na-pas-interet-a-refaire-les-elections-car-elle-est-en-chute-libre-depuis-2011","status":"publish","type":"post","link":"https:\/\/linitiative.ca\/International\/tunisie-maghzaoui-ennahdha-na-pas-interet-a-refaire-les-elections-car-elle-est-en-chute-libre-depuis-2011\/","title":{"rendered":"Tunisie \u2013 Maghzaoui\u00a0: Ennahdha n\u2019a pas int\u00e9r\u00eat \u00e0 refaire les \u00e9lections, car elle est en chute libre depuis 2011"},"content":{"rendered":"<div class=\"post-cont-in left relative\">\n<div class=\"swp_social_panel swp_horizontal_panel swp_flat_fresh swp_default_full_color swp_individual_full_color swp_other_full_color scale-100 scale-\" data-min-width=\"1100\" data-float-color=\"#ffffff\" data-float=\"none\" data-float-mobile=\"none\" data-transition=\"slide\">\n<div class=\"nc_tweetContainer swp_share_button total_shares total_sharesalt\"><span class=\"swp_count\">23 <span class=\"swp_label\">Partages<\/span><\/span><\/div>\n<\/div>\n<p>Le secr\u00e9taire g\u00e9n\u00e9ral du mouvement du peuple, Zouheir Maghzaoui, a assur\u00e9 lors de l\u2019entretien accord\u00e9, ce mercredi, \u00e0 TunisieNumerique, que le mouvement n\u2019est pas, du tout, d\u2019accord, avec l\u2019approche d\u2019Ennahdha en rapport avec la formation du prochain gouvernement.<\/p>\n<div class=\"code-block code-block-1 c3\"><ins class=\"adsbygoogle c2\" data-ad-layout=\"in-article\" data-ad-format=\"fluid\" data-ad-client=\"ca-pub-2102118777505746\" data-ad-slot=\"7301775417\"\/> <\/div>\n<p>Il a ajout\u00e9 que les man\u0153uvres d\u2019Ennahdha, bas\u00e9es sur la d\u00e9sinformation, ne les intimident pas, et notamment, en pr\u00e9tendant \u00eatre pr\u00eate \u00e0 refaire les \u00e9lections. Il a expliqu\u00e9 que, contrairement \u00e0 ce qu\u2019affirment ses dirigeants, Ennahdha n\u2019a aucun int\u00e9r\u00eat \u00e0 refaire les \u00e9lections l\u00e9gislatives, car elle en sortira perdante, vu qu\u2019elle est en chute libre et qu\u2019elle est en train de perde de plus en plus de terrain, depuis 2011.<\/p>\n<div class=\"code-block code-block-2 c3\"><ins class=\"adsbygoogle c2\" data-ad-layout=\"in-article\" data-ad-format=\"fluid\" data-ad-client=\"ca-pub-2102118777505746\" data-ad-slot=\"7301775417\"\/> <\/div>\n<p><strong>Que se passe-t-il en Tunisie?<\/strong><br \/>Nous expliquons sur notre <a href=\"https:\/\/www.youtube.com\/channel\/UCRzypVq0B_yBad5eGrwBx0Q?sub_confirmation=1\" target=\"_blank\" rel=\"noopener noreferrer\">cha\u00eene YouTube<\/a> . <a href=\"https:\/\/www.youtube.com\/channel\/UCRzypVq0B_yBad5eGrwBx0Q?sub_confirmation=1\" target=\"_blank\" rel=\"noopener noreferrer\">Abonnez-vous!<\/a><\/p>\n<div class=\"mvp-org-wrap mvp-org-logo\" itemprop=\"publisher\" itemscope=\"\" itemtype=\"https:\/\/schema.org\/Organization\"><img decoding=\"async\" src=\"https:\/\/www.tunisienumerique.com\/wp-content\/uploads\/2017\/02\/logo_tunisie_numerique.png\"\/><\/div>\n<div class=\"swp_social_panel swp_horizontal_panel swp_flat_fresh swp_default_full_color swp_individual_full_color swp_other_full_color scale-100 scale-\" data-min-width=\"1100\" data-float-color=\"#ffffff\" data-float=\"none\" data-float-mobile=\"none\" data-transition=\"slide\">\n<div class=\"nc_tweetContainer swp_share_button total_shares total_sharesalt\"><span class=\"swp_count\">23 <span class=\"swp_label\">Partages<\/span><\/span><\/div>\n<\/div>\n<div class=\"mvp-related-posts left relative\">\n<h4 class=\"post-header\"><span class=\"post-header\">Lire aussi<\/span><\/h4>\n<\/div>\n<\/div>\n<p>Auteur: LM<br \/>\n<a href=\"https:\/\/www.tunisienumerique.com\/tunisie-maghzaoui-ennahdha-na-pas-interet-a-refaire-les-elections-car-elle-est-en-chute-libre-depuis-2011\/\">Cliquez ici pour lire l&rsquo;article depuis sa source.<\/a><\/p>\n","protected":false},"excerpt":{"rendered":"<p>23 Partages Le secr\u00e9taire g\u00e9n\u00e9ral du mouvement du peuple, Zouheir Maghzaoui, a assur\u00e9 lors de l\u2019entretien accord\u00e9, ce mercredi, \u00e0 TunisieNumerique, que le mouvement n\u2019est pas, du tout, d\u2019accord, avec l\u2019approche d\u2019Ennahdha en rapport avec la formation du prochain gouvernement. Il a ajout\u00e9 que les man\u0153uvres d\u2019Ennahdha, bas\u00e9es sur la d\u00e9sinformation, ne les intimident pas, [&hellip;]<\/p>\n","protected":false},"author":1789,"featured_media":66748,"comment_status":"closed","ping_status":"closed","sticky":false,"template":"","format":"standard","meta":{"fifu_image_url":"","fifu_image_alt":"","footnotes":""},"categories":[73,55],"tags":[],"class_list":["post-66747","post","type-post","status-publish","format-standard","has-post-thumbnail","hentry","category-actualite","category-tunisie"],"_links":{"self":[{"href":"https:\/\/linitiative.ca\/International\/wp-json\/wp\/v2\/posts\/66747","targetHints":{"allow":["GET"]}}],"collection":[{"href":"https:\/\/linitiative.ca\/International\/wp-json\/wp\/v2\/posts"}],"about":[{"href":"https:\/\/linitiative.ca\/International\/wp-json\/wp\/v2\/types\/post"}],"author":[{"embeddable":true,"href":"https:\/\/linitiative.ca\/International\/wp-json\/wp\/v2\/users\/1789"}],"replies":[{"embeddable":true,"href":"https:\/\/linitiative.ca\/International\/wp-json\/wp\/v2\/comments?post=66747"}],"version-history":[{"count":0,"href":"https:\/\/linitiative.ca\/International\/wp-json\/wp\/v2\/posts\/66747\/revisions"}],"wp:featuredmedia":[{"embeddable":true,"href":"https:\/\/linitiative.ca\/International\/wp-json\/"}],"wp:attachment":[{"href":"https:\/\/linitiative.ca\/International\/wp-json\/wp\/v2\/media?parent=66747"}],"wp:term":[{"taxonomy":"category","embeddable":true,"href":"https:\/\/linitiative.ca\/International\/wp-json\/wp\/v2\/categories?post=66747"},{"taxonomy":"post_tag","embeddable":true,"href":"https:\/\/linitiative.ca\/International\/wp-json\/wp\/v2\/tags?post=66747"}],"curies":[{"name":"wp","href":"https:\/\/api.w.org\/{rel}","templated":true}]}}