{"id":66751,"date":"2019-11-06T16:53:57","date_gmt":"2019-11-06T21:53:57","guid":{"rendered":"https:\/\/linitiative.ca\/International\/an-v-de-linsurrection-populaire-le-bilan-est-positif-selon-me-guy-herve-kam\/"},"modified":"2019-11-06T16:53:57","modified_gmt":"2019-11-06T21:53:57","slug":"an-v-de-linsurrection-populaire-le-bilan-est-positif-selon-me-guy-herve-kam","status":"publish","type":"post","link":"https:\/\/linitiative.ca\/International\/an-v-de-linsurrection-populaire-le-bilan-est-positif-selon-me-guy-herve-kam\/","title":{"rendered":"An V de l\u2019insurrection populaire \u00abLe bilan est positif\u00bb, selon Me Guy Herv\u00e9 Kam"},"content":{"rendered":"<div class=\"td-post-featured-image\"><a href=\"https:\/\/i0.wp.com\/www.sidwaya.info\/wp-content\/uploads\/2019\/11\/guy07.gif?fit=595%2C417&#038;ssl=1\" data-caption=\"\"><img loading=\"lazy\" decoding=\"async\" width=\"595\" height=\"417\" class=\"entry-thumb td-modal-image\" src=\"https:\/\/i0.wp.com\/www.sidwaya.info\/wp-content\/uploads\/2019\/11\/guy07.gif?resize=595%2C417&#038;ssl=1\" alt=\"\" title=\"guy07\"\/><\/a><\/div>\n<div class=\"td-a-rec td-a-rec-id-content_top td_uid_30_5dc34ccc92b95_rand td_block_template_1\"><img loading=\"lazy\" decoding=\"async\" class=\"aligncenter size-full wp-image-15640\" src=\"https:\/\/www.sidwaya.info\/wp-content\/uploads\/2019\/10\/pf-pub-1.jpeg\" alt=\"\" width=\"1080\" height=\"360\"\/><\/div>\n<p><strong>Le mouvement Balai citoyen a organis\u00e9 le jeudi 31 octobre 2019 \u00e0 Ouagadougou, un panel entrant dans le cadre de la comm\u00e9moration de l\u2019an V de l\u2019insurrection populaire. Les d\u00e9fis du changement, les acquis post-insurrectionnels et le r\u00f4le de la jeunesse dans la lutte contre l\u2019ins\u00e9curit\u00e9 ont \u00e9t\u00e9 au menu des \u00e9changes.<\/strong><\/p>\n<p>La question du changement est l\u2019une des priorit\u00e9s du peuple burkinab\u00e8 apr\u00e8s l\u2019insurrection populaire des 30 et 31 octobre 2014. Pour analyser les contours de la probl\u00e9matique, le mouvement Balai citoyen a, dans le cadre de la comm\u00e9moration de l\u2019an V de l\u2019insurrection, organis\u00e9 un panel au cours duquel les acteurs de la soci\u00e9t\u00e9 civile ont donn\u00e9 leur lecture sur la situation nationale, le jeudi 31 octobre 2019 dans la capitale burkinab\u00e8. Plac\u00e9 sous le th\u00e8me \u00abAn 5 de l\u2019insurrection populaire, les aspirations du peuple au changement et le devoir de redevabilit\u00e9 des autorit\u00e9s : bilan et perspectives\u00bb, le panel a \u00e9t\u00e9 l\u2019occasion d\u2019analyser les changements et les acquis apr\u00e8s la chute de l\u2019ancien r\u00e9gime de Blaise Compaor\u00e9. Selon le pan\u00e9liste, Me Guy Herv\u00e9 Kam, l\u2019insurrection a apport\u00e9 des acquis notamment au niveau du renforcement de la d\u00e9mocratie par le refus de la modification de l\u2019article 37. Apr\u00e8s le d\u00e9part du pr\u00e9sident Compaor\u00e9, toutes les lois vot\u00e9es par le Conseil national de la transition (CNT) ont connu une transformation importante, a soutenu Me Kam. Pour lui, cinq ans apr\u00e8s, le bilan est positif et le Burkina Faso dispose de tous les ingr\u00e9dients pour \u00eatre un pays o\u00f9 il fait bon vivre. \u00abGr\u00e2ce au CNT, la justice est devenue ind\u00e9pendante. Mais il faut des juges courageux pour assumer cette ind\u00e9pendance au profit de la population. Dans d\u2019autres domaines, nous avons des lois de lutte contre la corruption qui sont efficaces\u00bb, a-t-il soulign\u00e9. Quant au professeur Luc Marius Ibriga, les changements attendus apr\u00e8s l\u2019insurrection n\u2019ont pas connus une \u00e9volution. De son avis, les aspirations des peuples n\u2019ont pas \u00e9t\u00e9 satisfaites. Le troisi\u00e8me pan\u00e9liste, Dr Saidou Abdoul Karim, a par ailleurs indiqu\u00e9 que l\u2019Etat n\u2019a toujours pas trouv\u00e9 des voies et moyens pour soutenir les jeunes dans leurs propres projets. A ce niveau, il a propos\u00e9 au gouvernement de revoir le contenu du syst\u00e8me \u00e9ducatif pour leur permettre de s\u2019autoemployer et de cr\u00e9er des initiatives pour que la jeunesse puisse suivre les politiques gouvernementales. L\u2019une des bonnes notes \u00e0 retenir, a pr\u00e9cis\u00e9 le politologue Abdoul Karim, est l\u2019implication de la jeunesse dans la lutte contre les attaques terroristes. \u00abCertains jeunes se sont adh\u00e9r\u00e9s dans les groupes d\u2019autod\u00e9fense comme les koglw\u00e9ogo pour venir en aide \u00e0 la population victime de vols et de l\u2019hydre terroriste\u00bb, s\u2019est-il r\u00e9joui.<\/p>\n<p>Oumarou RABO<br \/>(Stagiaire)<\/p>\n<div class=\"td-a-rec td-a-rec-id-content_bottom td_uid_31_5dc34ccc92d96_rand td_block_template_1\"><img loading=\"lazy\" decoding=\"async\" class=\"aligncenter size-full wp-image-9623\" src=\"https:\/\/www.sidwaya.info\/wp-content\/uploads\/2019\/06\/Projet-bannie%CC%80re-Orange-mobile.jpg\" alt=\"\" width=\"728\" height=\"81\"\/><\/div>\n<p>Auteur: BM. Sidwaya<br \/>\n<a href=\"https:\/\/www.sidwaya.info\/blog\/2019\/11\/06\/an-v-de-linsurrection-populaire-le-bilan-est-positif-selon-me-guy-herve-kam\/\">Cliquez ici pour lire l&rsquo;article depuis sa source.<\/a><\/p>\n","protected":false},"excerpt":{"rendered":"<p>Le mouvement Balai citoyen a organis\u00e9 le jeudi 31 octobre 2019 \u00e0 Ouagadougou, un panel entrant dans le cadre de la comm\u00e9moration de l\u2019an V de l\u2019insurrection populaire. Les d\u00e9fis du changement, les acquis post-insurrectionnels et le r\u00f4le de la jeunesse dans la lutte contre l\u2019ins\u00e9curit\u00e9 ont \u00e9t\u00e9 au menu des \u00e9changes. La question du [&hellip;]<\/p>\n","protected":false},"author":1816,"featured_media":0,"comment_status":"closed","ping_status":"closed","sticky":false,"template":"","format":"standard","meta":{"fifu_image_url":"","fifu_image_alt":"","footnotes":""},"categories":[73,81],"tags":[],"class_list":["post-66751","post","type-post","status-publish","format-standard","hentry","category-actualite","category-burkina-faso"],"_links":{"self":[{"href":"https:\/\/linitiative.ca\/International\/wp-json\/wp\/v2\/posts\/66751","targetHints":{"allow":["GET"]}}],"collection":[{"href":"https:\/\/linitiative.ca\/International\/wp-json\/wp\/v2\/posts"}],"about":[{"href":"https:\/\/linitiative.ca\/International\/wp-json\/wp\/v2\/types\/post"}],"author":[{"embeddable":true,"href":"https:\/\/linitiative.ca\/International\/wp-json\/wp\/v2\/users\/1816"}],"replies":[{"embeddable":true,"href":"https:\/\/linitiative.ca\/International\/wp-json\/wp\/v2\/comments?post=66751"}],"version-history":[{"count":0,"href":"https:\/\/linitiative.ca\/International\/wp-json\/wp\/v2\/posts\/66751\/revisions"}],"wp:attachment":[{"href":"https:\/\/linitiative.ca\/International\/wp-json\/wp\/v2\/media?parent=66751"}],"wp:term":[{"taxonomy":"category","embeddable":true,"href":"https:\/\/linitiative.ca\/International\/wp-json\/wp\/v2\/categories?post=66751"},{"taxonomy":"post_tag","embeddable":true,"href":"https:\/\/linitiative.ca\/International\/wp-json\/wp\/v2\/tags?post=66751"}],"curies":[{"name":"wp","href":"https:\/\/api.w.org\/{rel}","templated":true}]}}