{"id":66754,"date":"2019-11-06T17:16:25","date_gmt":"2019-11-06T22:16:25","guid":{"rendered":"https:\/\/linitiative.ca\/International\/transformation-structurelle-de-leconomie\/"},"modified":"2019-11-06T17:16:25","modified_gmt":"2019-11-06T22:16:25","slug":"transformation-structurelle-de-leconomie","status":"publish","type":"post","link":"https:\/\/linitiative.ca\/International\/transformation-structurelle-de-leconomie\/","title":{"rendered":"Transformation structurelle  de l\u2019\u00e9conomie"},"content":{"rendered":"<div class=\"td-post-featured-image\"><a href=\"https:\/\/i0.wp.com\/www.sidwaya.info\/wp-content\/uploads\/2019\/11\/ceonomieccbf07.gif?fit=787%2C525&#038;ssl=1\" data-caption=\"\"><img loading=\"lazy\" decoding=\"async\" width=\"696\" height=\"464\" class=\"entry-thumb td-modal-image\" src=\"https:\/\/i0.wp.com\/www.sidwaya.info\/wp-content\/uploads\/2019\/11\/ceonomieccbf07.gif?resize=696%2C464&#038;ssl=1\" alt=\"\" title=\"ceonomieccbf07\"\/><\/a><\/div>\n<div class=\"td-a-rec td-a-rec-id-content_top td_uid_30_5dc34cd6ad26f_rand td_block_template_1\"><img loading=\"lazy\" decoding=\"async\" class=\"aligncenter size-full wp-image-15640\" src=\"https:\/\/www.sidwaya.info\/wp-content\/uploads\/2019\/10\/pf-pub-1.jpeg\" alt=\"\" width=\"1080\" height=\"360\"\/><\/div>\n<p><strong>La Chambre de commerce et d\u2019industrie du Burkina Faso et la d\u00e9l\u00e9gation de l\u2019Union europ\u00e9enne ont sign\u00e9, le lundi 4 novembre 2019 \u00e0 Ouagadougou, une convention dans le cadre de la mise en \u0153uvre du projet Programme d\u2019appui \u00e0 la comp\u00e9titivit\u00e9 de l\u2019Afrique de l\u2019Ouest.<\/strong><\/p>\n<p>Les cha\u00eenes de valeur grappe, huilerie, apiculture et services solaires pourront conna\u00eetre un changement structurel dans les ann\u00e9es \u00e0 venir. Dans le cadre de la mise en \u0153uvre du projet Programme d\u2019appui \u00e0 la comp\u00e9titivit\u00e9 de l\u2019Afrique de l\u2019Ouest (PACAO), la d\u00e9l\u00e9gation de l\u2019Union europ\u00e9enne met \u00e0 la disposition de la Chambre de Commerce et d\u2019industrie du Burkina Faso (CCI-BF) une enveloppe financi\u00e8re de 6 millions d\u2019euros, soit pr\u00e8s de 4 milliards F CFA. La signature de convention entre les deux institutions a eu lieu le lundi 4 novembre 2019 dans la capitale burkinab\u00e8. Le co\u00fbt total du projet \u00e9tant estim\u00e9 \u00e0 6,755 millions d\u2019euros, la CCI-BF va apporter 0,755 million d\u2019euros, soit pr\u00e8s de 500 millions F CFA. Selon l\u2019ambassadeur, chef de la d\u00e9l\u00e9gation de l\u2019Union europ\u00e9enne (UE) aupr\u00e8s du Burkina Faso, Wolfran Vetter, cette signature est l\u2019aboutissement d\u2019un processus de formulation entam\u00e9 depuis 2017. \u00abLe pr\u00e9sent appui confirme le r\u00f4le de l\u2019UE en tant qu\u2019acteur constant dans l\u2019accompagnement du d\u00e9veloppement du secteur priv\u00e9 du Burkina Faso. L\u2019objectif est d\u2019am\u00e9liorer la performance des diff\u00e9rents acteurs intervenant dans les cha\u00eenes de valeur cibl\u00e9es en renfor\u00e7ant leurs capacit\u00e9s de production, de transformation, d\u2019exportation mais aussi de stimuler leur contribution au d\u00e9veloppement industriel, au commerce et \u00e0 la cha\u00eene de valeur r\u00e9gionale \u00e0 l\u2019exportation\u00bb, a laiss\u00e9 entendre Wolfran Vetter. Il a soutenu que le projet s\u2019inscrit dans l\u2019axe 3 du Plan national de d\u00e9veloppement \u00e9conomique et social (PNDES) qui ambitionne soutenir les fili\u00e8res porteuses afin qu\u2019elles jouent leur r\u00f4le dans la croissance de l\u2019\u00e9conomie burkinab\u00e8. \u00abLa CCI-BF est honor\u00e9e d\u2019avoir \u00e9t\u00e9 identifi\u00e9e comme structure de mise en \u0153uvre du programme, en sa qualit\u00e9 de doyenne des structures d\u2019appui au secteur priv\u00e9 et fort de sa forte exp\u00e9rience dans la bonne conduite des projets d\u2019envergure\u00bb, a confi\u00e9 le vice-pr\u00e9sident de la CCI-BF, S\u00e9kou D. Doumbia. Par ailleurs, il a cit\u00e9 des programmes pr\u00e9c\u00e9dents soutenus par l\u2019UE qui ont apport\u00e9 de mani\u00e8re structurelle, des changements remarquables dans l\u2019environnement des entreprises du pays des Hommes int\u00e8gres. Il s\u2019agit notamment du Programme de renforcement des capacit\u00e9s des entreprises et le Programme d\u2019appui au d\u00e9veloppement du secteur priv\u00e9. \u00abAu regard des domaines concern\u00e9s, le dispositif de mise en \u0153uvre pr\u00e9voit l\u2019implication de plusieurs acteurs. Je souhaite donc une strat\u00e9gie de collaboration efficace afin de garantir des retomb\u00e9es positives\u00bb, a lanc\u00e9 l\u2019ambassadeur, chef de la d\u00e9l\u00e9gation de l\u2019Union europ\u00e9enne.<\/p>\n<p>Joseph HARO<\/p>\n<div class=\"td-a-rec td-a-rec-id-content_bottom td_uid_31_5dc34cd6ad478_rand td_block_template_1\"><img loading=\"lazy\" decoding=\"async\" class=\"aligncenter size-full wp-image-9623\" src=\"https:\/\/www.sidwaya.info\/wp-content\/uploads\/2019\/06\/Projet-bannie%CC%80re-Orange-mobile.jpg\" alt=\"\" width=\"728\" height=\"81\"\/><\/div>\n<p>Auteur: BM. Sidwaya<br \/>\n<a href=\"https:\/\/www.sidwaya.info\/blog\/2019\/11\/06\/transformation-structurelle-de-leconomie\/\">Cliquez ici pour lire l&rsquo;article depuis sa source.<\/a><\/p>\n","protected":false},"excerpt":{"rendered":"<p>La Chambre de commerce et d\u2019industrie du Burkina Faso et la d\u00e9l\u00e9gation de l\u2019Union europ\u00e9enne ont sign\u00e9, le lundi 4 novembre 2019 \u00e0 Ouagadougou, une convention dans le cadre de la mise en \u0153uvre du projet Programme d\u2019appui \u00e0 la comp\u00e9titivit\u00e9 de l\u2019Afrique de l\u2019Ouest. Les cha\u00eenes de valeur grappe, huilerie, apiculture et services solaires [&hellip;]<\/p>\n","protected":false},"author":1816,"featured_media":0,"comment_status":"closed","ping_status":"closed","sticky":false,"template":"","format":"standard","meta":{"fifu_image_url":"","fifu_image_alt":"","footnotes":""},"categories":[73,81],"tags":[],"class_list":["post-66754","post","type-post","status-publish","format-standard","hentry","category-actualite","category-burkina-faso"],"_links":{"self":[{"href":"https:\/\/linitiative.ca\/International\/wp-json\/wp\/v2\/posts\/66754","targetHints":{"allow":["GET"]}}],"collection":[{"href":"https:\/\/linitiative.ca\/International\/wp-json\/wp\/v2\/posts"}],"about":[{"href":"https:\/\/linitiative.ca\/International\/wp-json\/wp\/v2\/types\/post"}],"author":[{"embeddable":true,"href":"https:\/\/linitiative.ca\/International\/wp-json\/wp\/v2\/users\/1816"}],"replies":[{"embeddable":true,"href":"https:\/\/linitiative.ca\/International\/wp-json\/wp\/v2\/comments?post=66754"}],"version-history":[{"count":0,"href":"https:\/\/linitiative.ca\/International\/wp-json\/wp\/v2\/posts\/66754\/revisions"}],"wp:attachment":[{"href":"https:\/\/linitiative.ca\/International\/wp-json\/wp\/v2\/media?parent=66754"}],"wp:term":[{"taxonomy":"category","embeddable":true,"href":"https:\/\/linitiative.ca\/International\/wp-json\/wp\/v2\/categories?post=66754"},{"taxonomy":"post_tag","embeddable":true,"href":"https:\/\/linitiative.ca\/International\/wp-json\/wp\/v2\/tags?post=66754"}],"curies":[{"name":"wp","href":"https:\/\/api.w.org\/{rel}","templated":true}]}}