{"id":66755,"date":"2019-11-06T17:19:24","date_gmt":"2019-11-06T22:19:24","guid":{"rendered":"https:\/\/linitiative.ca\/International\/arrestations-de-31-burkinabe-en-guinee\/"},"modified":"2019-11-06T17:19:24","modified_gmt":"2019-11-06T22:19:24","slug":"arrestations-de-31-burkinabe-en-guinee","status":"publish","type":"post","link":"https:\/\/linitiative.ca\/International\/arrestations-de-31-burkinabe-en-guinee\/","title":{"rendered":"Arrestations de 31 Burkinab\u00e8 en Guin\u00e9e"},"content":{"rendered":"<div class=\"td-post-featured-image\"><a href=\"https:\/\/i0.wp.com\/www.sidwaya.info\/wp-content\/uploads\/2019\/11\/ministrecom-1.gif?fit=691%2C579&#038;ssl=1\" data-caption=\"\"><img loading=\"lazy\" decoding=\"async\" width=\"691\" height=\"579\" class=\"entry-thumb td-modal-image\" src=\"https:\/\/i0.wp.com\/www.sidwaya.info\/wp-content\/uploads\/2019\/11\/ministrecom-1.gif?resize=691%2C579&#038;ssl=1\" alt=\"\" title=\"ministrecom\"\/><\/a><\/div>\n<div class=\"td-a-rec td-a-rec-id-content_top td_uid_30_5dc34cda2f04f_rand td_block_template_1\"><img loading=\"lazy\" decoding=\"async\" class=\"aligncenter size-full wp-image-15640\" src=\"https:\/\/www.sidwaya.info\/wp-content\/uploads\/2019\/10\/pf-pub-1.jpeg\" alt=\"\" width=\"1080\" height=\"360\"\/><\/div>\n<p><strong>Le conseil des ministres s\u2019est tenu le mercredi 6 novembre 2019 \u00e0 Ouagadougou, sous la pr\u00e9sidence du chef de l\u2019Etat, Roch Marc Christian Kabor\u00e9. Plusieurs dossiers \u00e9taient sur la table du gouvernement, notamment l\u2019assassinat du d\u00e9put\u00e9-maire de Djibo, Oumarou Dicko et l\u2019affaire des Burkinab\u00e8 arr\u00eat\u00e9s en Guin\u00e9e.<\/strong><\/p>\n<p>Le gouvernement burkinab\u00e8 est de c\u0153ur avec les populations de Djibo \u00e0 la suite de l\u2019assassinat du d\u00e9put\u00e9- maire de la ville, Oumarou Dicko et de ses compagnons. Le ministre de la Communication et des Relations avec la Parlement, Porte-parole du gouvernement, R\u00e9mis Fulgance Dandjinou, l\u2019a signifi\u00e9 hier mercredi 6 novembre 2019 \u00e0 la fin de l\u2019hebdomadaire conseil des ministres. Il a indiqu\u00e9 qu\u2019une communication orale sur l\u2019\u00e9v\u00e8nement tragique a \u00e9t\u00e9 faite par le Premier ministre et le ministre en charge de l\u2019administration du territoire. \u00ab Le Conseil tient \u00e0 renouveler ses condol\u00e9ances aux populations de Djibo et aux victimes de cet assassinat et pr\u00e9sente ses condol\u00e9ances \u00e0 l\u2019ensemble du peuple burkinab\u00e8 qui perd des fr\u00e8res et des s\u0153urs dans ce combat injuste qui nous est impos\u00e9 \u00bb, a-t-il soutenu. Puis, de poursuivre que les ministres ont \u00e9t\u00e9 inform\u00e9s des dispositions prises pour r\u00e9tablir la qui\u00e9tude dans ces localit\u00e9s. Le conseil a aussi \u00e9t\u00e9 inform\u00e9 par le ministre de l\u2019Int\u00e9gration africaine et des Burkinab\u00e8 de l\u2019ext\u00e9rieur, de la situation de 31 Burkinab\u00e8 arr\u00eat\u00e9s en R\u00e9publique de Guin\u00e9e. Selon le porte-parole de l\u2019ex\u00e9cutif, ces interpellations sont dues aux activit\u00e9s men\u00e9es pour le compte de la soci\u00e9t\u00e9 QNET pour certains et \u00e0 l\u2019\u00ab atteinte de la s\u00e9curit\u00e9 de l\u2019Etat \u00bb, pour d\u2019autres. \u00ab A ce jour, certains ont \u00e9t\u00e9 lib\u00e9r\u00e9s, et le gouvernement suit de pr\u00e8s cette situation pour la lib\u00e9ration dans de meilleures conditions les personnes encore en d\u00e9tention \u00bb, a rassur\u00e9 le ministre. Il a toutefois traduit la reconnaissance du gouvernement burkinab\u00e8 aux autorit\u00e9s guin\u00e9ennes pour leur coop\u00e9ration, \u00e0 l\u2019ambassadeur du Burkina \u00e0 Bamako et aux d\u00e9l\u00e9gu\u00e9s du Conseil sup\u00e9rieur des Burkinab\u00e8 de l\u2019\u00e9tranger (CSBE) \u00e0 Conakry et \u00e0 Kankan pour leurs implications dans le suivi du dossier.<br \/>Outre ces dossiers, le minist\u00e8re des Infrastructures a inform\u00e9 le conseil, de l\u2019avis de non- objection pour la section des bureaux de contr\u00f4le et de surveillance du bitumage des routes Ouaga-Kongoussi, longue de 108 Km, Sakoins\u00e9-Koudougou (42 Km), de 25,5 Km de voirie \u00e0 Ouaga et de l\u2019Avenue de l\u2019insurrection populaire \u00e0 Bobo- Dioulasso. De l\u2019avis du ministre en charge de la communication, les march\u00e9s pour la construction de ces routes avaient d\u00e9j\u00e0 \u00e9t\u00e9 approuv\u00e9s. \u00ab Il manquait cet avis de non-objection de la BOAD. Les travaux vont bient\u00f4t commencer \u00bb, s\u2019est-il r\u00e9joui. Il a en outre salu\u00e9 la forte mobilisation de la population de la Gnagna lors du lancement, le 5 novembre 2019, du bitumage de la route Fada-Bogand\u00e9 distant de 129 Km.<\/p>\n<p>R\u00e9ussite du 32e Tour du Faso<\/p>\n<p>Le conseil des ministres a \u00e9galement examin\u00e9 deux d\u00e9crets au titre du minist\u00e8re de l\u2019Economie, du D\u00e9veloppement et des Finances (MINEFID). Le premier est relatif \u00e0 une modification du d\u00e9cret portant \u00e9rection du Centre national de manuels et de fournitures scolaires aux \u00e9tablissements publics de l\u2019Etat. Le texte de loi fait de ce centre, un \u00e9tablissement public de l\u2019Etat \u00e0 caract\u00e8re administratif. Il est plac\u00e9 sous la tutelle technique du minist\u00e8re de l\u2019Education nationale, de l\u2019Alphab\u00e9tisation et de la Promotion des langues nationales et sous la tutelle financi\u00e8re du MINEFID. Le deuxi\u00e8me d\u00e9cret est une ordonnance portant autorisation de ratification des accords de cr\u00e9dit n\u00b0 6491 BF et 64 92 BF conclus avec l\u2019Association internationale de d\u00e9veloppement (IDA) pour le financement du projet de r\u00e9silience et de la comp\u00e9titivit\u00e9 agricole (PRECA). \u00ab Il s\u2019agit d\u2019un montant de 115 milliards F CFA sur 6 ans qui vont concerner les r\u00e9gions des Cascades, de la Boucle du Mouhoun, des Hauts- Bassins et du Nord pour les constructions d\u2019infrastructures. Pour ce qui est de l\u2019ensemble du territoire national, les autres aspects comme l\u2019am\u00e9lioration de la production agricole, l\u2019am\u00e9lioration de la comp\u00e9titivit\u00e9 et de la facilitation de l\u2019acc\u00e8s au march\u00e9 et de la promotion du d\u00e9veloppement de l\u2019agroindustrie par le secteur priv\u00e9, seront pris en compte \u00bb, a expliqu\u00e9 le ministre Dandjinou. Le conseil des ministres a par ailleurs f\u00e9licit\u00e9 l\u2019ensemble des acteurs qui ont contribu\u00e9 \u00e0 la r\u00e9ussite du 32e Tour international du Faso notamment les forces de s\u00e9curit\u00e9 qui ont su d\u00e9montrer la capacit\u00e9 de r\u00e9silience du peuple burkinab\u00e8 face \u00e0 l\u2019ins\u00e9curit\u00e9. Il a en outre \u00e9t\u00e9 inform\u00e9 de la tenue de la XVe \u00e9dition de la Semaine du num\u00e9rique pr\u00e9vue du 19 au 30 novembre 2019 \u00e0 Bobo-Dioulasso.<\/p>\n<p>Abdoulaye BALBONE<\/p>\n<div class=\"td-a-rec td-a-rec-id-content_bottom td_uid_31_5dc34cda2f279_rand td_block_template_1\"><img loading=\"lazy\" decoding=\"async\" class=\"aligncenter size-full wp-image-9623\" src=\"https:\/\/www.sidwaya.info\/wp-content\/uploads\/2019\/06\/Projet-bannie%CC%80re-Orange-mobile.jpg\" alt=\"\" width=\"728\" height=\"81\"\/><\/div>\n<p>Auteur: BM. Sidwaya<br \/>\n<a href=\"https:\/\/www.sidwaya.info\/blog\/2019\/11\/06\/arrestations-de-31-burkinabe-en-guinee\/\">Cliquez ici pour lire l&rsquo;article depuis sa source.<\/a><\/p>\n","protected":false},"excerpt":{"rendered":"<p>Le conseil des ministres s\u2019est tenu le mercredi 6 novembre 2019 \u00e0 Ouagadougou, sous la pr\u00e9sidence du chef de l\u2019Etat, Roch Marc Christian Kabor\u00e9. Plusieurs dossiers \u00e9taient sur la table du gouvernement, notamment l\u2019assassinat du d\u00e9put\u00e9-maire de Djibo, Oumarou Dicko et l\u2019affaire des Burkinab\u00e8 arr\u00eat\u00e9s en Guin\u00e9e. Le gouvernement burkinab\u00e8 est de c\u0153ur avec les [&hellip;]<\/p>\n","protected":false},"author":1816,"featured_media":0,"comment_status":"closed","ping_status":"closed","sticky":false,"template":"","format":"standard","meta":{"fifu_image_url":"","fifu_image_alt":"","footnotes":""},"categories":[73,81],"tags":[],"class_list":["post-66755","post","type-post","status-publish","format-standard","hentry","category-actualite","category-burkina-faso"],"_links":{"self":[{"href":"https:\/\/linitiative.ca\/International\/wp-json\/wp\/v2\/posts\/66755","targetHints":{"allow":["GET"]}}],"collection":[{"href":"https:\/\/linitiative.ca\/International\/wp-json\/wp\/v2\/posts"}],"about":[{"href":"https:\/\/linitiative.ca\/International\/wp-json\/wp\/v2\/types\/post"}],"author":[{"embeddable":true,"href":"https:\/\/linitiative.ca\/International\/wp-json\/wp\/v2\/users\/1816"}],"replies":[{"embeddable":true,"href":"https:\/\/linitiative.ca\/International\/wp-json\/wp\/v2\/comments?post=66755"}],"version-history":[{"count":0,"href":"https:\/\/linitiative.ca\/International\/wp-json\/wp\/v2\/posts\/66755\/revisions"}],"wp:attachment":[{"href":"https:\/\/linitiative.ca\/International\/wp-json\/wp\/v2\/media?parent=66755"}],"wp:term":[{"taxonomy":"category","embeddable":true,"href":"https:\/\/linitiative.ca\/International\/wp-json\/wp\/v2\/categories?post=66755"},{"taxonomy":"post_tag","embeddable":true,"href":"https:\/\/linitiative.ca\/International\/wp-json\/wp\/v2\/tags?post=66755"}],"curies":[{"name":"wp","href":"https:\/\/api.w.org\/{rel}","templated":true}]}}