{"id":66756,"date":"2019-11-06T17:18:03","date_gmt":"2019-11-06T22:18:03","guid":{"rendered":"https:\/\/linitiative.ca\/International\/deces-de-tevoedjre-lafrique-perd-une-des-grandes-figures-politiques-bedie\/"},"modified":"2019-11-06T17:18:03","modified_gmt":"2019-11-06T22:18:03","slug":"deces-de-tevoedjre-lafrique-perd-une-des-grandes-figures-politiques-bedie","status":"publish","type":"post","link":"https:\/\/linitiative.ca\/International\/deces-de-tevoedjre-lafrique-perd-une-des-grandes-figures-politiques-bedie\/","title":{"rendered":"D\u00e9c\u00e8s de T\u00e9vo\u00e9djr\u00e8: \u00abL\u2019Afrique perd une des grandes figures politiques \u00bb (B\u00e9di\u00e9)"},"content":{"rendered":"<div readability=\"32\">\n<p>Publi\u00e9 le 06.11.2019 \u00e0 23h18 par APA News<\/p>\n<\/div>\n<div readability=\"54\">\n<p>Le pr\u00e9sident du Parti d\u00e9mocratique de C\u00f4te d\u2019Ivoire ( PDCI, ex-alli\u00e9 au pouvoir), par ailleurs ancien pr\u00e9sident ivoirien, Henri Konan B\u00e9di\u00e9 a estim\u00e9 mercredi dans un message de condol\u00e9ances transmis \u00e0 APA apr\u00e8s le d\u00e9c\u00e8s du B\u00e9ninois Albert T\u00e9vo\u00e9djr\u00e8, ex- repr\u00e9sentant sp\u00e9cial du Secr\u00e9taire g\u00e9n\u00e9ral des Nations-Unies (ONU) en C\u00f4te d\u2019Ivoire, que l\u2019Afrique a perdu l\u2019une de ses grandes figures politiques.\u00ab L\u2019Afrique et particuli\u00e8rement le B\u00e9nin, perdent une des grandes figures intellectuelles et politiques qui a su \u0153uvrer \u00e0 la recherche et au maintien de la paix entre les peuples et entre les nations\u00bb a soutenu M. B\u00e9di\u00e9 qui dit avoir encore en m\u00e9moire que l\u2019illustre disparu a accompli sa mission en C\u00f4te d\u2019Ivoire \u00ab avec succ\u00e8s \u00bb et dans \u00ab l\u2019impartialit\u00e9 \u00bb.<\/p>\n<p>\u00ab En ces moments de grandes douleurs, je pr\u00e9sente mes condol\u00e9ances au peuple fr\u00e8re du B\u00e9nin, au gouvernement b\u00e9ninois et particuli\u00e8rement \u00e0 sa famille biologique \u00bb, a conclu l\u2019ancien pr\u00e9sident ivoirien.<\/p>\n<p>Albert T\u00e9vo\u00e9djr\u00e8, ancien repr\u00e9sentant sp\u00e9cial du secr\u00e9taire g\u00e9n\u00e9ral de l\u2019ONU en C\u00f4te d\u2019Ivoire (2003-2005) et ancien M\u00e9diateur de la R\u00e9publique du B\u00e9nin, \u00a0est d\u00e9c\u00e9d\u00e9 mercredi \u00e0 Porto-Novo ( B\u00e9nin) \u00e0 l\u2019\u00e2ge de 90 ans.<\/p>\n<\/div>\n<p>Auteur: APA News<br \/>\n<a href=\"https:\/\/www.journalducameroun.com\/deces-de-tevoedjre-lafrique-perd-une-des-grandes-figures-politiques-bedie\/\">Cliquez ici pour lire l&rsquo;article depuis sa source.<\/a><\/p>\n","protected":false},"excerpt":{"rendered":"<p>Publi\u00e9 le 06.11.2019 \u00e0 23h18 par APA News Le pr\u00e9sident du Parti d\u00e9mocratique de C\u00f4te d\u2019Ivoire ( PDCI, ex-alli\u00e9 au pouvoir), par ailleurs ancien pr\u00e9sident ivoirien, Henri Konan B\u00e9di\u00e9 a estim\u00e9 mercredi dans un message de condol\u00e9ances transmis \u00e0 APA apr\u00e8s le d\u00e9c\u00e8s du B\u00e9ninois Albert T\u00e9vo\u00e9djr\u00e8, ex- repr\u00e9sentant sp\u00e9cial du Secr\u00e9taire g\u00e9n\u00e9ral des Nations-Unies [&hellip;]<\/p>\n","protected":false},"author":1965,"featured_media":0,"comment_status":"closed","ping_status":"closed","sticky":false,"template":"","format":"standard","meta":{"fifu_image_url":"","fifu_image_alt":"","footnotes":""},"categories":[73,82],"tags":[],"class_list":["post-66756","post","type-post","status-publish","format-standard","hentry","category-actualite","category-cameroun"],"_links":{"self":[{"href":"https:\/\/linitiative.ca\/International\/wp-json\/wp\/v2\/posts\/66756","targetHints":{"allow":["GET"]}}],"collection":[{"href":"https:\/\/linitiative.ca\/International\/wp-json\/wp\/v2\/posts"}],"about":[{"href":"https:\/\/linitiative.ca\/International\/wp-json\/wp\/v2\/types\/post"}],"author":[{"embeddable":true,"href":"https:\/\/linitiative.ca\/International\/wp-json\/wp\/v2\/users\/1965"}],"replies":[{"embeddable":true,"href":"https:\/\/linitiative.ca\/International\/wp-json\/wp\/v2\/comments?post=66756"}],"version-history":[{"count":0,"href":"https:\/\/linitiative.ca\/International\/wp-json\/wp\/v2\/posts\/66756\/revisions"}],"wp:attachment":[{"href":"https:\/\/linitiative.ca\/International\/wp-json\/wp\/v2\/media?parent=66756"}],"wp:term":[{"taxonomy":"category","embeddable":true,"href":"https:\/\/linitiative.ca\/International\/wp-json\/wp\/v2\/categories?post=66756"},{"taxonomy":"post_tag","embeddable":true,"href":"https:\/\/linitiative.ca\/International\/wp-json\/wp\/v2\/tags?post=66756"}],"curies":[{"name":"wp","href":"https:\/\/api.w.org\/{rel}","templated":true}]}}