{"id":66757,"date":"2019-11-06T17:18:07","date_gmt":"2019-11-06T22:18:07","guid":{"rendered":"https:\/\/linitiative.ca\/International\/le-roi-mohammed-vi-appelle-a-letablissement-dune-liaison-ferroviaire-entre-marrakech-et-agadir\/"},"modified":"2019-11-06T17:18:07","modified_gmt":"2019-11-06T22:18:07","slug":"le-roi-mohammed-vi-appelle-a-letablissement-dune-liaison-ferroviaire-entre-marrakech-et-agadir","status":"publish","type":"post","link":"https:\/\/linitiative.ca\/International\/le-roi-mohammed-vi-appelle-a-letablissement-dune-liaison-ferroviaire-entre-marrakech-et-agadir\/","title":{"rendered":"Le Roi Mohammed VI appelle \u00e0 l\u2019\u00e9tablissement d\u2019une liaison ferroviaire entre Marrakech et Agadir"},"content":{"rendered":"<div readability=\"32\">\n<p>Publi\u00e9 le 06.11.2019 \u00e0 23h18 par APA News<\/p>\n<\/div>\n<div readability=\"82\">\n<p>Le Roi Mohammed VI a appel\u00e9 \u00e0 une r\u00e9flexion s\u00e9rieuse sur l\u2019\u00e9tablissement d\u2019une liaison ferroviaire entre Marrakech et Agadir, en envisageant la perspective d\u2019une extension ult\u00e9rieure au reste des Provinces du sud.\u00ab Nous pr\u00e9conisons aussi le d\u00e9veloppement du r\u00e9seau routier que nous renfor\u00e7ons d\u2019ores et d\u00e9j\u00e0 par la mise en place de la voie express Agadir-Dakhla \u00bb, a-t-il annonc\u00e9 dans son discours prononc\u00e9 mercredi \u00e0 l\u2019occasion du 44\u00e8me anniversaire de la marche verte.<\/p>\n<p>Pour le Souverain, cette ligne \u00ab contribuera non seulement au d\u00e9senclavement de l\u2019ensemble de la r\u00e9gion, mais surtout \u00e0 son d\u00e9veloppement et \u00e0 son essor \u00e9conomique, en dynamisant notamment le transport des personnes et des marchandises et en apportant un soutien aux secteurs \u00e9conomiques en g\u00e9n\u00e9ral, aux activit\u00e9s d\u2019export et au tourisme en particulier \u00bb.<\/p>\n<p>\u00ab Ce projet d\u2019infrastructure ferroviaire constituera enfin un levier essentiel pour la cr\u00e9ation de nombreux emplois, non seulement dans la R\u00e9gion de Souss, mais aussi dans toutes les zones avoisinantes \u00bb, a-t-il estim\u00e9.<\/p>\n<p>Selon le Roi Mohammed VI, la r\u00e9gion de Souss-Massa doit devenir un p\u00f4le \u00e9conomique reliant les parties septentrionale et m\u00e9ridionale du Maroc, en op\u00e9rant la jonction entre Tanger au Nord et Oujda \u00e0 l\u2019Est d\u2019une part, et les provinces sahariennes marocaine d\u2019autre part.<\/p>\n<p>\u00a0\u00ab Cette orientation s\u2019inscrit dans le cadre de la R\u00e9gionalisation avanc\u00e9e, pens\u00e9e dans l\u2019esprit d\u2019une r\u00e9partition \u00e9quitable des richesses entre les R\u00e9gions du Royaume \u00bb, a-t-il dit.<\/p>\n<p>Et d\u2019ajouter que \u00ab le Maroc que Nous appelons de nos v\u0153ux doit \u00eatre \u00e9difi\u00e9 dans un esprit d\u2019harmonie et de compl\u00e9mentarit\u00e9 entre ses r\u00e9gions. Par ailleurs, chacune doit pouvoir b\u00e9n\u00e9ficier \u00e9quitablement des infrastructures et des grands projets, n\u00e9cessairement profitables \u00e0 l\u2019ensemble du pays \u00bb.<\/p>\n<p>Ainsi, le d\u00e9veloppement r\u00e9gional doit \u00eatre fond\u00e9 sur la coop\u00e9ration entre les r\u00e9gions et sur leur compl\u00e9mentarit\u00e9. Chacune d\u2019elles doit, selon ses potentialit\u00e9s et ses sp\u00e9cificit\u00e9s, disposer d\u2019une grande zone d\u00e9di\u00e9e aux activit\u00e9s \u00e9conomiques, a-t-il expliqu\u00e9, soulignant l\u2019imp\u00e9ratif de mettre en \u0153uvre les politiques sectorielles au niveau r\u00e9gional.<\/p>\n<\/div>\n<p>Auteur: APA News<br \/>\n<a href=\"https:\/\/www.journalducameroun.com\/le-roi-mohammed-vi-appelle-a-letablissement-dune-liaison-ferroviaire-entre-marrakech-et-agadir\/\">Cliquez ici pour lire l&rsquo;article depuis sa source.<\/a><\/p>\n","protected":false},"excerpt":{"rendered":"<p>Publi\u00e9 le 06.11.2019 \u00e0 23h18 par APA News Le Roi Mohammed VI a appel\u00e9 \u00e0 une r\u00e9flexion s\u00e9rieuse sur l\u2019\u00e9tablissement d\u2019une liaison ferroviaire entre Marrakech et Agadir, en envisageant la perspective d\u2019une extension ult\u00e9rieure au reste des Provinces du sud.\u00ab Nous pr\u00e9conisons aussi le d\u00e9veloppement du r\u00e9seau routier que nous renfor\u00e7ons d\u2019ores et d\u00e9j\u00e0 par [&hellip;]<\/p>\n","protected":false},"author":1965,"featured_media":0,"comment_status":"closed","ping_status":"closed","sticky":false,"template":"","format":"standard","meta":{"fifu_image_url":"","fifu_image_alt":"","footnotes":""},"categories":[73,82],"tags":[],"class_list":["post-66757","post","type-post","status-publish","format-standard","hentry","category-actualite","category-cameroun"],"_links":{"self":[{"href":"https:\/\/linitiative.ca\/International\/wp-json\/wp\/v2\/posts\/66757","targetHints":{"allow":["GET"]}}],"collection":[{"href":"https:\/\/linitiative.ca\/International\/wp-json\/wp\/v2\/posts"}],"about":[{"href":"https:\/\/linitiative.ca\/International\/wp-json\/wp\/v2\/types\/post"}],"author":[{"embeddable":true,"href":"https:\/\/linitiative.ca\/International\/wp-json\/wp\/v2\/users\/1965"}],"replies":[{"embeddable":true,"href":"https:\/\/linitiative.ca\/International\/wp-json\/wp\/v2\/comments?post=66757"}],"version-history":[{"count":0,"href":"https:\/\/linitiative.ca\/International\/wp-json\/wp\/v2\/posts\/66757\/revisions"}],"wp:attachment":[{"href":"https:\/\/linitiative.ca\/International\/wp-json\/wp\/v2\/media?parent=66757"}],"wp:term":[{"taxonomy":"category","embeddable":true,"href":"https:\/\/linitiative.ca\/International\/wp-json\/wp\/v2\/categories?post=66757"},{"taxonomy":"post_tag","embeddable":true,"href":"https:\/\/linitiative.ca\/International\/wp-json\/wp\/v2\/tags?post=66757"}],"curies":[{"name":"wp","href":"https:\/\/api.w.org\/{rel}","templated":true}]}}