{"id":66758,"date":"2019-11-06T17:18:09","date_gmt":"2019-11-06T22:18:09","guid":{"rendered":"https:\/\/linitiative.ca\/International\/roi-mohammed-vi-notre-ambition-est-daccroitre-le-volume-des-investissements-marocains-en-afrique\/"},"modified":"2019-11-06T17:18:09","modified_gmt":"2019-11-06T22:18:09","slug":"roi-mohammed-vi-notre-ambition-est-daccroitre-le-volume-des-investissements-marocains-en-afrique","status":"publish","type":"post","link":"https:\/\/linitiative.ca\/International\/roi-mohammed-vi-notre-ambition-est-daccroitre-le-volume-des-investissements-marocains-en-afrique\/","title":{"rendered":"Roi Mohammed VI : \u00ab Notre ambition est d\u2019accroitre le volume des investissements marocains en Afrique \u00bb"},"content":{"rendered":"<div readability=\"32\">\n<p>Publi\u00e9 le 06.11.2019 \u00e0 23h18 par APA News<\/p>\n<\/div>\n<div readability=\"92\">\n<p>Le Roi Mohammed VI a affim\u00e9 que le Maroc anime l\u2019ambition d\u2019accro\u00eetre le niveau des \u00e9changes commerciaux, ainsi que le volume de ses investissements \u00e0 l\u2019\u00e9chelle du continent africain.\u00ab Il s\u2019agit, in fine, d\u2019amorcer une \u00e9tape nouvelle, sur la base d\u2019int\u00e9r\u00eats mutuellement b\u00e9n\u00e9fiques \u00bb, a annonc\u00e9 le Souverain lors de son discours prononc\u00e9 mercredi \u00e0 l\u2019occasion du 44\u00e8me anniversaire de la marche verte.<\/p>\n<p>\u00ab Bien plus, Nous sommes d\u00e9termin\u00e9 \u00e0 \u00e9riger le Maroc en acteur cl\u00e9 de la construction de l\u2019Afrique de demain \u00bb, a-t-il assur\u00e9, ajoutant que pour atteindre ces objectifs, le Maroc devra \u00ab honorer ses engagements et continuer \u00e0 consolider sa pr\u00e9sence en Afrique \u00bb.<\/p>\n<p>Le Roi Mohammed VI a affirm\u00e9 que depuis son accession au Tr\u00f4ne, il a inscrit le Continent africain au c\u0153ur de la politique ext\u00e9rieure du Royaume, rappelant les nombreuses visites effectu\u00e9es dans les diff\u00e9rents pays africains et la conclusion avec eux pr\u00e8s de mille accords couvrant tous les domaines de coop\u00e9ration.<\/p>\n<p>\u00ab Cette orientation a port\u00e9 ses fruits puisque le Maroc occupe d\u00e9sormais, une place de choix en Afrique, dans les domaines \u00e9conomique, politique, culturel et religieux \u00bb, s\u2019est-il r\u00e9joui.<\/p>\n<p>Pour ce qui est de la r\u00e9gion maghr\u00e9bine, il a r\u00e9it\u00e9r\u00e9 l\u2019engagement du Royaume \u00e0 \u00e9tablir des relations \u00ab saines \u00bb et \u00ab solides \u00bb avec les Etats maghr\u00e9bins.<\/p>\n<p>\u00ab Au regard des opportunit\u00e9s et des enjeux qu\u2019elle rec\u00e8le, la situation actuelle dans la r\u00e9gion et dans l\u2019espace m\u00e9diterran\u00e9en sollicite notre attention et nous incite \u00e0 entreprendre une action constructive \u00bb, a fait observer le Roi du Maroc.<\/p>\n<p>En effet, la jeunesse maghr\u00e9bine exige la mise en place d\u2019un espace ouvert, propice \u00e0 l\u2019interaction et \u00e0 l\u2019\u00e9change, d\u2019une part, et d\u2019autre part le secteur des affaires requiert que lui soient assur\u00e9es des conditions favorables \u00e0 son d\u00e9veloppement, a-t-il expliqu\u00e9.<\/p>\n<p>Selon lui, les espoirs et les attentes sont \u00e9normes ; les d\u00e9fis sont nombreux et complexes. Mais, on peut d\u00e9plorer que certains n\u2019en mesurent pas l\u2019importance.<\/p>\n<p>\u00ab En v\u00e9rit\u00e9, notre ennemi commun r\u00e9side dans l\u2019immobilisme et le faible niveau de d\u00e9veloppement que connaissent encore nos cinq peuples \u00bb, a-t-il estim\u00e9.<\/p>\n<\/div>\n<p>Auteur: APA News<br \/>\n<a href=\"https:\/\/www.journalducameroun.com\/roi-mohammed-vi-notre-ambition-est-daccroitre-le-volume-des-investissements-marocains-en-afrique\/\">Cliquez ici pour lire l&rsquo;article depuis sa source.<\/a><\/p>\n","protected":false},"excerpt":{"rendered":"<p>Publi\u00e9 le 06.11.2019 \u00e0 23h18 par APA News Le Roi Mohammed VI a affim\u00e9 que le Maroc anime l\u2019ambition d\u2019accro\u00eetre le niveau des \u00e9changes commerciaux, ainsi que le volume de ses investissements \u00e0 l\u2019\u00e9chelle du continent africain.\u00ab Il s\u2019agit, in fine, d\u2019amorcer une \u00e9tape nouvelle, sur la base d\u2019int\u00e9r\u00eats mutuellement b\u00e9n\u00e9fiques \u00bb, a annonc\u00e9 le [&hellip;]<\/p>\n","protected":false},"author":1965,"featured_media":0,"comment_status":"closed","ping_status":"closed","sticky":false,"template":"","format":"standard","meta":{"fifu_image_url":"","fifu_image_alt":"","footnotes":""},"categories":[73,82],"tags":[],"class_list":["post-66758","post","type-post","status-publish","format-standard","hentry","category-actualite","category-cameroun"],"_links":{"self":[{"href":"https:\/\/linitiative.ca\/International\/wp-json\/wp\/v2\/posts\/66758","targetHints":{"allow":["GET"]}}],"collection":[{"href":"https:\/\/linitiative.ca\/International\/wp-json\/wp\/v2\/posts"}],"about":[{"href":"https:\/\/linitiative.ca\/International\/wp-json\/wp\/v2\/types\/post"}],"author":[{"embeddable":true,"href":"https:\/\/linitiative.ca\/International\/wp-json\/wp\/v2\/users\/1965"}],"replies":[{"embeddable":true,"href":"https:\/\/linitiative.ca\/International\/wp-json\/wp\/v2\/comments?post=66758"}],"version-history":[{"count":0,"href":"https:\/\/linitiative.ca\/International\/wp-json\/wp\/v2\/posts\/66758\/revisions"}],"wp:attachment":[{"href":"https:\/\/linitiative.ca\/International\/wp-json\/wp\/v2\/media?parent=66758"}],"wp:term":[{"taxonomy":"category","embeddable":true,"href":"https:\/\/linitiative.ca\/International\/wp-json\/wp\/v2\/categories?post=66758"},{"taxonomy":"post_tag","embeddable":true,"href":"https:\/\/linitiative.ca\/International\/wp-json\/wp\/v2\/tags?post=66758"}],"curies":[{"name":"wp","href":"https:\/\/api.w.org\/{rel}","templated":true}]}}