{"id":66759,"date":"2019-11-06T17:18:11","date_gmt":"2019-11-06T22:18:11","guid":{"rendered":"https:\/\/linitiative.ca\/International\/installation-dun-conseil-national-du-tourisme-en-cote-divoire\/"},"modified":"2019-11-06T17:18:11","modified_gmt":"2019-11-06T22:18:11","slug":"installation-dun-conseil-national-du-tourisme-en-cote-divoire","status":"publish","type":"post","link":"https:\/\/linitiative.ca\/International\/installation-dun-conseil-national-du-tourisme-en-cote-divoire\/","title":{"rendered":"Installation d\u2019un Conseil national du tourisme en C\u00f4te d\u2019Ivoire"},"content":{"rendered":"<div readability=\"32\">\n<p>Publi\u00e9 le 06.11.2019 \u00e0 23h18 par APA News<\/p>\n<\/div>\n<div readability=\"89\">\n<p>Un Conseil national du tourisme (CNT), a \u00e9t\u00e9 install\u00e9 mercredi \u00e0 Abidjan, par le ministre ivoirien du Tourisme et des loisirs, Siandou Fofana, en pr\u00e9sence de plusieurs acteurs de ce secteur, a constat\u00e9 APA sur place dans la capitale \u00e9conomique ivoirienne.Organe de r\u00e9flexion et de proposition des acteurs intervenant dans le secteur du tourisme et de l\u2019h\u00f4tellerie, ce Conseil a \u00e9t\u00e9 cr\u00e9\u00e9 par d\u00e9cret en avril 2018 dans la dynamique affich\u00e9e par les autorit\u00e9s ivoiriennes de faire du tourisme, le troisi\u00e8me p\u00f4le du d\u00e9veloppement \u00e9conomique de la C\u00f4te d\u2019Ivoire.<\/p>\n<p>Dans son intervention \u00e0 cette occasion, le ministre Siandou Fofana a qualifi\u00e9 de \u00abmoment historique\u00bb, l\u2019av\u00e8nement de ce Conseil national du tourisme dans le cadre de la \u00ab transformation structurelle de notre \u00e9conomie \u00bb.<\/p>\n<p>Poursuivant, il a relev\u00e9 l\u2019int\u00e9r\u00eat que le gouvernement accorde \u00e0 cet instrument de \u00abveille strat\u00e9gique\u00bb pour la mise en \u0153uvre du \u00abv\u00e9ritable plan strat\u00e9gique de d\u00e9veloppement du tourisme\u00bb dont le pays s\u2019est dot\u00e9 et d\u00e9nomm\u00e9 \u00ab Sublime C\u00f4te d\u2019Ivoire\u00bb , visant \u00e0 faire de la C\u00f4te d\u2019Ivoire, \u00ab un pays \u00e0 vocation touristique et reconnu de tous \u00e0 travers le monde \u00bb.<\/p>\n<p>Le CNT est instrument pour \u00ab amplifier\u00bb la concertation entre le secteur priv\u00e9 et le secteur public \u00e0 \u00ab l\u2019effet de lever toutes les contraintes pour la bonne marche de notre secteur \u00bb, \u00e0 l\u2019issue de \u00abd\u00e9bats francs et s\u00e9rieux \u00bb, a expliqu\u00e9 le ministre du Tourisme et des loisirs, invitant les acteurs \u00e0 s\u2019en approprier.<\/p>\n<p>Auparavant, les responsables des organisations du secteur du tourisme ont salu\u00e9 cette d\u00e9marche du gouvernement en exprimant leur disponibilit\u00e9 \u00e0 accompagner le CNT \u00e0 atteindre ses objectifs.<\/p>\n<p>\u00ab Le CNT vient combler un vide institutionnel\u00bb en \u00abse positionnant comme un instrument de bonne gouvernance \u00bb, a estim\u00e9 \u00a0le pr\u00e9sident de la F\u00e9d\u00e9ration nationale de l\u2019industrie touristique de C\u00f4te d\u2019Ivoire (FENITOURCI) Mamadou Diomand\u00e9.<\/p>\n<p>Pour Lolo Diby, pr\u00e9sident de \u00a0la F\u00e9d\u00e9ration nationale des industries h\u00f4teli\u00e8res de C\u00f4te d\u2019Ivoire (FNIHCI) \u00ab le CNT arrive \u00e0 point nomm\u00e9 pour trouver des solutions durables \u00bb au secteur touristique et de l\u2019h\u00f4tellerie. \u00a0C\u2019est pourquoi, il a souhait\u00e9 \u00a0une \u00ab pragmatique op\u00e9rationnalisation \u00bb de cet organe.<\/p>\n<p>Dans le m\u00eame \u00e9lan, Marie-Reine Kon\u00e9 de l\u2019Association des professionnels de voyage de C\u00f4te d\u2019Ivoire (APVCI), a soutenu que \u00ab c\u2019est un acte qui traduit la volont\u00e9 du gouvernement de hisser\u00bb le haut le tourisme ivoirien.<\/p>\n<p>Le CNT est dirig\u00e9 par un Secr\u00e9taire ex\u00e9cutif en la personne de Dr Aphing-Kouassi avec rang de Directeur g\u00e9n\u00e9ral.<\/p>\n<\/div>\n<p>Auteur: APA News<br \/>\n<a href=\"https:\/\/www.journalducameroun.com\/installation-dun-conseil-national-du-tourisme-en-cote-divoire\/\">Cliquez ici pour lire l&rsquo;article depuis sa source.<\/a><\/p>\n","protected":false},"excerpt":{"rendered":"<p>Publi\u00e9 le 06.11.2019 \u00e0 23h18 par APA News Un Conseil national du tourisme (CNT), a \u00e9t\u00e9 install\u00e9 mercredi \u00e0 Abidjan, par le ministre ivoirien du Tourisme et des loisirs, Siandou Fofana, en pr\u00e9sence de plusieurs acteurs de ce secteur, a constat\u00e9 APA sur place dans la capitale \u00e9conomique ivoirienne.Organe de r\u00e9flexion et de proposition des [&hellip;]<\/p>\n","protected":false},"author":1965,"featured_media":0,"comment_status":"closed","ping_status":"closed","sticky":false,"template":"","format":"standard","meta":{"fifu_image_url":"","fifu_image_alt":"","footnotes":""},"categories":[73,82],"tags":[],"class_list":["post-66759","post","type-post","status-publish","format-standard","hentry","category-actualite","category-cameroun"],"_links":{"self":[{"href":"https:\/\/linitiative.ca\/International\/wp-json\/wp\/v2\/posts\/66759","targetHints":{"allow":["GET"]}}],"collection":[{"href":"https:\/\/linitiative.ca\/International\/wp-json\/wp\/v2\/posts"}],"about":[{"href":"https:\/\/linitiative.ca\/International\/wp-json\/wp\/v2\/types\/post"}],"author":[{"embeddable":true,"href":"https:\/\/linitiative.ca\/International\/wp-json\/wp\/v2\/users\/1965"}],"replies":[{"embeddable":true,"href":"https:\/\/linitiative.ca\/International\/wp-json\/wp\/v2\/comments?post=66759"}],"version-history":[{"count":0,"href":"https:\/\/linitiative.ca\/International\/wp-json\/wp\/v2\/posts\/66759\/revisions"}],"wp:attachment":[{"href":"https:\/\/linitiative.ca\/International\/wp-json\/wp\/v2\/media?parent=66759"}],"wp:term":[{"taxonomy":"category","embeddable":true,"href":"https:\/\/linitiative.ca\/International\/wp-json\/wp\/v2\/categories?post=66759"},{"taxonomy":"post_tag","embeddable":true,"href":"https:\/\/linitiative.ca\/International\/wp-json\/wp\/v2\/tags?post=66759"}],"curies":[{"name":"wp","href":"https:\/\/api.w.org\/{rel}","templated":true}]}}