{"id":66760,"date":"2019-11-06T17:50:02","date_gmt":"2019-11-06T22:50:02","guid":{"rendered":"https:\/\/linitiative.ca\/International\/destitution-de-trump-les-auditions-publiques-demarreront-le-13-novembre\/"},"modified":"2019-11-06T17:50:02","modified_gmt":"2019-11-06T22:50:02","slug":"destitution-de-trump-les-auditions-publiques-demarreront-le-13-novembre","status":"publish","type":"post","link":"https:\/\/linitiative.ca\/International\/destitution-de-trump-les-auditions-publiques-demarreront-le-13-novembre\/","title":{"rendered":"Destitution de Trump: les auditions publiques d\u00e9marreront le 13 novembre"},"content":{"rendered":"<p>Apr\u00e8s plus d\u2019un mois d\u2019auditions \u00e0 huis clos, l\u2019enqu\u00eate lanc\u00e9e par les d\u00e9mocrates au Congr\u00e8s am\u00e9ricain dans l\u2019espoir de destituer Donald Trump entrera dans une semaine dans une nouvelle phase, beaucoup plus spectaculaire, avec le d\u00e9but de t\u00e9moignages publics dans l\u2019affaire ukrainienne.<\/p>\n<p>Ces auditions retransmises \u00e0 la t\u00e9l\u00e9vision d\u00e9buteront le 13 novembre. Elles \u00ab\u00a0seront l\u2019occasion pour les Am\u00e9ricains de jauger les t\u00e9moins par eux-m\u00eames, de d\u00e9cider de leur cr\u00e9dibilit\u00e9 mais aussi de d\u00e9couvrir les informations de premi\u00e8re mains sur les m\u00e9faits du pr\u00e9sident\u00a0\u00bb, a d\u00e9clar\u00e9 mercredi le chef d\u00e9mocrate de la commission du Renseignement de la Chambre des repr\u00e9sentants, Adam Schiff.<\/p>\n<p>L\u2019objectif est maintenant connu: prouver que le pr\u00e9sident des Etats-Unis a commis un \u00ab\u00a0abus de pouvoir\u00a0\u00bb en conditionnant le d\u00e9gel d\u2019une aide militaire promise \u00e0 Kiev \u00e0 l\u2019ouverture d\u2019enqu\u00eates visant, notamment, le d\u00e9mocrate Joe Biden, bien plac\u00e9 pour affronter le milliardaire r\u00e9publicain dans la course \u00e0 la Maison Blanche dans un an.<\/p>\n<p>C\u2019est une conversation t\u00e9l\u00e9phonique du 25 juillet, au cours de laquelle Donald Trump a demand\u00e9 \u00e0 son homologue ukrainien Volodymyr Zelensky de se \u00ab\u00a0pencher\u00a0\u00bb sur le cas de l\u2019ancien vice-pr\u00e9sident Biden, qui a fait \u00e9clater le scandale.<\/p>\n<p>Depuis, l\u2019opposition d\u00e9mocrate dicte le tempo des investigations, men\u00e9es par la Chambre o\u00f9 elle est majoritaire, pour constituer un dossier d\u2019accusation, ou \u00ab\u00a0impeachment\u00a0\u00bb. Mais le dernier mot sur une destitution reviendra au S\u00e9nat, contr\u00f4l\u00e9 par les r\u00e9publicains qui font, pour l\u2019instant, bloc derri\u00e8re le pr\u00e9sident.<\/p>\n<p>\u2013 \u00ab\u00a0Tout \u00e9tait li\u00e9\u00a0\u00bb aux enqu\u00eates \u2013<\/p>\n<p>Les d\u00e9mocrates ont accumul\u00e9 \u00e0 huis clos les r\u00e9cits d\u2019une douzaine de responsables \u2014 dont les propos ont le plus souvent filtr\u00e9 dans les m\u00e9dias. Ils se sont aussi heurt\u00e9s au mur de la Maison Blanche, qui refuse de coop\u00e9rer avec ce qu\u2019elle consid\u00e8re \u00eatre une \u00ab\u00a0chasse aux sorci\u00e8res\u00a0\u00bb.<\/p>\n<p>Forts de t\u00e9moignages qu\u2019ils consid\u00e8rent accablants, les d\u00e9mocrates ont commenc\u00e9 cette semaine \u00e0 publier les transcriptions int\u00e9grales des premi\u00e8res auditions.<\/p>\n<p>Et ont donc rappel\u00e9 en public, \u00e0 partir du 13 novembre, les t\u00e9moins dont les propos risquent de s\u2019av\u00e9rer les plus embarrassants pour le pr\u00e9sident am\u00e9ricain.<\/p>\n<p>Ces nouvelles auditions d\u00e9buteront avec William Taylor, charg\u00e9 d\u2019affaires am\u00e9ricain \u00e0 Kiev.<\/p>\n<p>Le compte-rendu de son r\u00e9cit \u00e0 huis clos livr\u00e9 en octobre a \u00e9t\u00e9 publi\u00e9 mercredi, et s\u2019av\u00e8re \u00eatre un de ceux qui confortent le plus clairement les soup\u00e7ons d\u2019un chantage de Donald Trump \u00e0 Volodymyr Zelensky.<\/p>\n<p>Devant les \u00e9lus am\u00e9ricains, William Taylor a en effet confirm\u00e9 que, selon les r\u00e9cits qui lui avaient \u00e9t\u00e9 faits d\u2019une r\u00e9union organis\u00e9e le 1er septembre \u00e0 Varsovie, l\u2019ambassadeur des Etats-Unis aupr\u00e8s de l\u2019Union europ\u00e9enne Gordon Sondland avait franchement expliqu\u00e9 aux Ukrainiens les termes du march\u00e9. A savoir que \u00ab\u00a0l\u2019argent pour l\u2019aide s\u00e9curitaire ne serait pas d\u00e9bloqu\u00e9 tant que le pr\u00e9sident Zelensky ne s\u2019engagerait pas \u00e0 lancer l\u2019enqu\u00eate sur Burisma\u00a0\u00bb, l\u2019entreprise gazi\u00e8re qui avait Hunter Biden, fils de Joe Biden, dans son conseil d\u2019administration.<\/p>\n<p>Confront\u00e9 \u00e0 ce t\u00e9moignage, l\u2019ambassadeur aupr\u00e8s de l\u2019UE, un homme d\u2019affaires qui a financ\u00e9 la campagne Trump en 2016, a lui-m\u00eame d\u00fb \u00ab\u00a0compl\u00e9ter\u00a0\u00bb cette semaine son audition initiale, qui passait cet \u00e9pisode sous silence, pour reconna\u00eetre avoir \u00e9voqu\u00e9 cette condition avec les responsables ukrainiens. Mais il n\u2019a pas clairement dit aux \u00e9lus de la Chambre que l\u2019ordre venait de Donald Trump.<\/p>\n<p>Or, selon William Taylor, Gordon Sondland lui avait explicitement rapport\u00e9 que c\u2019\u00e9tait le cas. \u00ab\u00a0Il m\u2019a dit que le pr\u00e9sident Trump lui avait dit qu\u2019il voulait que le pr\u00e9sident Zelensky annonce publiquement que l\u2019Ukraine enqu\u00eaterait sur Burisma\u00a0\u00bb, a expliqu\u00e9 le charg\u00e9 d\u2019affaires \u00e0 Kiev. \u00ab\u00a0Tout \u00e9tait li\u00e9 \u00e0 une telle annonce, y compris l\u2019aide s\u00e9curitaire.\u00a0\u00bb<\/p>\n<p>\u2013 Le nom du lanceur d\u2019alerte \u2013<\/p>\n<p>Dans la foul\u00e9e de William Taylor, la Chambre entendra \u00e0 nouveau, en public, George Kent, haut responsable du d\u00e9partement d\u2019Etat sp\u00e9cialiste de l\u2019Ukraine. Puis, le 15 novembre, l\u2019ex-ambassadrice des Etats-Unis \u00e0 Kiev, Marie Yovanovitch, brusquement relev\u00e9e de ses fonctions au printemps apr\u00e8s avoir fait l\u2019objet d\u2019une campagne hostile men\u00e9e par Rudy Giuliani, l\u2019avocat personnel de Donald Trump.<\/p>\n<p>Dans le fameux appel du 25 juillet, le pr\u00e9sident am\u00e9ricain avait \u00e9trill\u00e9 cette diplomate respect\u00e9e en lan\u00e7ant \u00e0 son homologue ukrainien: \u00ab\u00a0Il va lui arriver des choses.\u00a0\u00bb<\/p>\n<p>La teneur de l\u2019appel avait alarm\u00e9 plusieurs responsables am\u00e9ricains jusqu\u2019\u00e0 ce qu\u2019un membre des services de renseignement fasse remonter ces inqui\u00e9tudes sous le statut de \u00ab\u00a0lanceur d\u2019alerte\u00a0\u00bb, assur\u00e9 de protection et d\u2019anonymat.<\/p>\n<p>Depuis, les trumpistes ne cessent de mettre en cause la cr\u00e9dibilit\u00e9 du donneur d\u2019alerte.<\/p>\n<p>Donald Trump junior, le fils du pr\u00e9sident, a franchi un nouveau cap mercredi en publiant sur Twitter le nom d\u2019un employ\u00e9 de la CIA pr\u00e9sent\u00e9 comme \u00e9tant cet agent par qui le scandale est arriv\u00e9.<\/p>\n<p>Auteur: AFP<br \/>\n<a href=\"https:\/\/www.journalducameroun.com\/destitution-de-trump-les-auditions-publiques-demarreront-le-13-novembre\/\">Cliquez ici pour lire l&rsquo;article depuis sa source.<\/a><\/p>\n","protected":false},"excerpt":{"rendered":"<p>Apr\u00e8s plus d\u2019un mois d\u2019auditions \u00e0 huis clos, l\u2019enqu\u00eate lanc\u00e9e par les d\u00e9mocrates au Congr\u00e8s am\u00e9ricain dans l\u2019espoir de destituer Donald Trump entrera dans une semaine dans une nouvelle phase, beaucoup plus spectaculaire, avec le d\u00e9but de t\u00e9moignages publics dans l\u2019affaire ukrainienne. Ces auditions retransmises \u00e0 la t\u00e9l\u00e9vision d\u00e9buteront le 13 novembre. Elles \u00ab\u00a0seront l\u2019occasion [&hellip;]<\/p>\n","protected":false},"author":1965,"featured_media":0,"comment_status":"closed","ping_status":"closed","sticky":false,"template":"","format":"standard","meta":{"fifu_image_url":"","fifu_image_alt":"","footnotes":""},"categories":[73,82],"tags":[],"class_list":["post-66760","post","type-post","status-publish","format-standard","hentry","category-actualite","category-cameroun"],"_links":{"self":[{"href":"https:\/\/linitiative.ca\/International\/wp-json\/wp\/v2\/posts\/66760","targetHints":{"allow":["GET"]}}],"collection":[{"href":"https:\/\/linitiative.ca\/International\/wp-json\/wp\/v2\/posts"}],"about":[{"href":"https:\/\/linitiative.ca\/International\/wp-json\/wp\/v2\/types\/post"}],"author":[{"embeddable":true,"href":"https:\/\/linitiative.ca\/International\/wp-json\/wp\/v2\/users\/1965"}],"replies":[{"embeddable":true,"href":"https:\/\/linitiative.ca\/International\/wp-json\/wp\/v2\/comments?post=66760"}],"version-history":[{"count":0,"href":"https:\/\/linitiative.ca\/International\/wp-json\/wp\/v2\/posts\/66760\/revisions"}],"wp:attachment":[{"href":"https:\/\/linitiative.ca\/International\/wp-json\/wp\/v2\/media?parent=66760"}],"wp:term":[{"taxonomy":"category","embeddable":true,"href":"https:\/\/linitiative.ca\/International\/wp-json\/wp\/v2\/categories?post=66760"},{"taxonomy":"post_tag","embeddable":true,"href":"https:\/\/linitiative.ca\/International\/wp-json\/wp\/v2\/tags?post=66760"}],"curies":[{"name":"wp","href":"https:\/\/api.w.org\/{rel}","templated":true}]}}