{"id":66767,"date":"2019-11-06T11:58:58","date_gmt":"2019-11-06T16:58:58","guid":{"rendered":"https:\/\/linitiative.ca\/International\/le-cameroun-en-passe-dobtenir-un-nouveau-decaissement-du-fmi\/"},"modified":"2019-11-06T11:58:58","modified_gmt":"2019-11-06T16:58:58","slug":"le-cameroun-en-passe-dobtenir-un-nouveau-decaissement-du-fmi","status":"publish","type":"post","link":"https:\/\/linitiative.ca\/International\/le-cameroun-en-passe-dobtenir-un-nouveau-decaissement-du-fmi\/","title":{"rendered":"Le Cameroun en passe d\u2019obtenir un nouveau d\u00e9caissement du FMI"},"content":{"rendered":"<p>Arriv\u00e9e au Cameroun il y a plus d\u2019une semaine, la mission du Fonds mon\u00e9taire international (<strong>FMI<\/strong>) dans le cadre de la 5<sup>e<\/sup> revue du programme \u00e9conomique et financier triennal adoss\u00e9 \u00e0 la facilit\u00e9 de cr\u00e9dit a fait le point avec le ministre des Finances lundi dernier. Selon le chef de mission, <strong>Amadou Sy<\/strong>, les travaux avec la partie camerounaise portent essentiellement sur les crit\u00e8res fix\u00e9s par le FMI lors de la 4<sup>e<\/sup> revue.<\/p>\n<p>L\u2019institution de <strong>Bretton Woods<\/strong> avait alors recommand\u00e9 au Cameroun de poursuivre la consolidation budg\u00e9taire soutenue par la r\u00e9duction des exon\u00e9rations fiscales, l\u2019am\u00e9lioration des administrations fiscale et douani\u00e8re, et une plus grande efficacit\u00e9 des investissements. Il avait \u00e9galement \u00e9t\u00e9 demand\u00e9 de continuer de renforcer la discipline budg\u00e9taire en ayant moins recours aux proc\u00e9dures exceptionnelles de d\u00e9penses et en s\u2019attaquant r\u00e9solument aux probl\u00e8mes de gestion de la tr\u00e9sorerie.<\/p>\n<p>Le Cameroun devait \u00e9galement maintenir la viabilit\u00e9 de la dette en hi\u00e9rarchisant avec soin les investissements financ\u00e9s sur ressources ext\u00e9rieures et en r\u00e9duisant les risques budg\u00e9taires li\u00e9s aux entreprises publiques\u00a0; continuer de soutenir la strat\u00e9gie r\u00e9gionale de r\u00e9forme par une mise en \u0153uvre rigoureuse de la nouvelle r\u00e9glementation des changes. Le dernier crit\u00e8re portait sur l\u2019am\u00e9lioration de la gouvernance et du climat des affaires afin de favoriser le d\u00e9veloppement du secteur priv\u00e9 et la diversification de l\u2019\u00e9conomie, notamment en acc\u00e9l\u00e9rant les r\u00e9formes du secteur financier et en renfor\u00e7ant le respect des normes de l\u2019ITIE et de LBC\/FT.<\/p>\n<p>La mission a mis \u00e0 jour les donn\u00e9es macro\u00e9conomiques pour voir l\u2019\u00e9volution de ces crit\u00e8res. <em>\u00ab\u00a0Au niveau des crit\u00e8res quantitatifs, tout a \u00e9t\u00e9 respect\u00e9. Ce qui est encourageant\u00a0\u00bb<\/em>, a indiqu\u00e9 Amadou Sy au sortir de la s\u00e9ance de travail au minist\u00e8re des Finances lundi. Il a relev\u00e9 que d\u2019autres types de crit\u00e8res sont \u00e0 revoir, et qu\u2019une mise \u00e0 jour de l\u2019analyse du FMI est faite, alors que les projections sont affin\u00e9es. <em>\u00ab\u00a0Mais, je peux vous assurer que nous sommes satisfaits des travaux et des analyses qui ont \u00e9t\u00e9 faites de la part des autorit\u00e9s elles-m\u00eames\u00a0\u00bb<\/em>, a-t-il conclu.<\/p>\n<p>Du c\u00f4t\u00e9 camerounais, pas de commentaires \u00e0 faire pour l\u2019instant. L\u2019on pr\u00e9f\u00e8re attendre les conclusions du FMI et sa d\u00e9cision de d\u00e9bloquer ou non une autre enveloppe \u00e0 la faveur du pays.\u00a0 Au cours de la 4<sup>e<\/sup> revue de ce programme, le Cameroun a b\u00e9n\u00e9fici\u00e9, le 17 juillet dernier, d\u2019un d\u00e9caissement de pr\u00e8s de 45 milliards de FCFA du FMI. L\u2019on parle d\u2019une somme dans les m\u00eames proportions si la revue en cours est concluante.<\/p>\n<div class=\"about-author about-author-box container-wrapper\">\n<div class=\"author-avatar\"><img decoding=\"async\" src=\"http:\/\/\" alt=\"\"\/><\/div>\n<p><h4>La R\u00e9daction EcoMatin<\/h4>\n<\/p>\n<\/div>\n<div class=\"awac-wrapper awac widget blog_subscription-2\">\n<h4 class=\"widget-title\">Abonnez-vous \u00e0 notre lettre d&rsquo;information<\/h4>\n<\/div>\n<p>Auteur: EcoMatin<br \/>\n<a href=\"https:\/\/ecomatin.net\/le-cameroun-en-passe-dobtenir-un-nouveau-decaissement-du-fmi\/\">Cliquez ici pour lire l&rsquo;article depuis sa source.<\/a><\/p>\n","protected":false},"excerpt":{"rendered":"<p>Arriv\u00e9e au Cameroun il y a plus d\u2019une semaine, la mission du Fonds mon\u00e9taire international (FMI) dans le cadre de la 5e revue du programme \u00e9conomique et financier triennal adoss\u00e9 \u00e0 la facilit\u00e9 de cr\u00e9dit a fait le point avec le ministre des Finances lundi dernier. Selon le chef de mission, Amadou Sy, les travaux [&hellip;]<\/p>\n","protected":false},"author":1969,"featured_media":0,"comment_status":"closed","ping_status":"closed","sticky":false,"template":"","format":"standard","meta":{"fifu_image_url":"","fifu_image_alt":"","footnotes":""},"categories":[82,78],"tags":[],"class_list":["post-66767","post","type-post","status-publish","format-standard","hentry","category-cameroun","category-economie"],"_links":{"self":[{"href":"https:\/\/linitiative.ca\/International\/wp-json\/wp\/v2\/posts\/66767","targetHints":{"allow":["GET"]}}],"collection":[{"href":"https:\/\/linitiative.ca\/International\/wp-json\/wp\/v2\/posts"}],"about":[{"href":"https:\/\/linitiative.ca\/International\/wp-json\/wp\/v2\/types\/post"}],"author":[{"embeddable":true,"href":"https:\/\/linitiative.ca\/International\/wp-json\/wp\/v2\/users\/1969"}],"replies":[{"embeddable":true,"href":"https:\/\/linitiative.ca\/International\/wp-json\/wp\/v2\/comments?post=66767"}],"version-history":[{"count":0,"href":"https:\/\/linitiative.ca\/International\/wp-json\/wp\/v2\/posts\/66767\/revisions"}],"wp:attachment":[{"href":"https:\/\/linitiative.ca\/International\/wp-json\/wp\/v2\/media?parent=66767"}],"wp:term":[{"taxonomy":"category","embeddable":true,"href":"https:\/\/linitiative.ca\/International\/wp-json\/wp\/v2\/categories?post=66767"},{"taxonomy":"post_tag","embeddable":true,"href":"https:\/\/linitiative.ca\/International\/wp-json\/wp\/v2\/tags?post=66767"}],"curies":[{"name":"wp","href":"https:\/\/api.w.org\/{rel}","templated":true}]}}