{"id":66768,"date":"2019-11-07T05:51:32","date_gmt":"2019-11-07T10:51:32","guid":{"rendered":"https:\/\/linitiative.ca\/International\/pakistan-le-premier-ministre-face-a-la-contestation\/"},"modified":"2019-11-07T05:51:32","modified_gmt":"2019-11-07T10:51:32","slug":"pakistan-le-premier-ministre-face-a-la-contestation","status":"publish","type":"post","link":"https:\/\/linitiative.ca\/International\/pakistan-le-premier-ministre-face-a-la-contestation\/","title":{"rendered":"Pakistan: Le Premier ministre face \u00e0 la contestation"},"content":{"rendered":"<p class=\"has-text-color has-vivid-cyan-blue-color\"><strong>La d\u00e9t\u00e9rioration de la situation \u00e9conomique et financi\u00e8re du Pakistan, caract\u00e9ris\u00e9e notamment par la d\u00e9valuation de la roupie qui a perdu un tiers de sa valeur, une tr\u00e8s faible croissance qui plafonne \u00e0 3% et une inflation qui a atteint 8%, a eu raison de la popularit\u00e9 d\u2019Imran Khan, ancien champion de cricket devenu Premier ministre en Juillet 2018.<\/strong><\/p>\n<p>Consid\u00e9rant que celui-ci avait \u00e9t\u00e9 \u00abs\u00e9lectionn\u00e9\u00bb, de mani\u00e8re frauduleuse, par la puissante arm\u00e9e pakistanaise, c\u2019est toute la classe politique du pays qui, aujourd\u2019hui, exige son d\u00e9part sans conditions.<\/p>\n<p>Autant dire qu\u2019il s\u2019agit-l\u00e0 d\u2019un tr\u00e8s s\u00e9rieux revers pour cet homme \u00e0 qui l\u2019on reproche des propos contradictoires d\u00e8s lors que bien que se disant \u00abfascin\u00e9 par le mod\u00e8le scandinave\u00bb,\u00a0il \u00abd\u00e9nonce le f\u00e9minisme occidental\u00bb et qu\u2019il tient \u00abdes propos tr\u00e8s la\u00efcs\u00bb alors m\u00eame qu\u2019il lui arrive, parfois, de se rapprocher \u00ab\u00a0des leaders religieux\u00bb.<\/p>\n<p>Ainsi, apr\u00e8s \u00eatre partie le 27 Octobre dernier de Karachi et Peshawar, les plus grandes villes du pays, \u00e0 l\u2019initiative de Fazlur Rehman, le chef de \u00abJamiat Ulema-e-Islami-Fazal\u00bb (JUI-F), le plus grand parti islamiste du pays, une marche dite \u00abAzadi\u00bb (marche de la libert\u00e9) et regroupant plusieurs milliers de manifestants est arriv\u00e9e \u00e0 la capitale, Islamabad, le 31 Octobre. Surnomm\u00e9 \u00abMaulana\u00bb (le ma\u00eetre), coiff\u00e9 d\u2019un turban, portant une longue barbe blanche et soutenu par les principaux partis d\u2019opposition, le dirigeant islamiste qui n\u2019est pas un nouveau venu en politique puisqu\u2019il avait d\u00e9j\u00e0 collabor\u00e9 pendant dix ans avec l\u2019ancienne Premi\u00e8re ministre Benazir Bhutto a exig\u00e9 qu\u2019Imran Khan se dessaisisse du pouvoir au plus tard le 3 novembre avant de prolonger cet ultimatum de 24 heures \u2013 soit jusqu\u2019\u00e0 lundi \u2013 en d\u00e9clarant devant des milliers de partisans\u00a0: \u00abNous devons lib\u00e9rer le peuple de ce r\u00e9gime. La caravane ne s\u2019arr\u00eatera pas tant qu\u2019elle n\u2019aura pas atteint son but\u00bb.<\/p>\n<p>Fazlur Rehman ayant menac\u00e9 d\u2019aller chercher le Premier ministre dans sa r\u00e9sidence alors m\u00eame que ce dernier, parti passer quatre jours en Chine avec l\u2019espoir de ramener une aide financi\u00e8re pour soulager les tr\u00e8s pr\u00e9caires finances du pays, ne devait rentrer que lundi, les mesures de s\u00e9curit\u00e9 ont \u00e9t\u00e9 renforc\u00e9es autour de la zone qui abrite les b\u00e2timents de la pr\u00e9sidence, du gouvernement, du Parlement et des ambassades \u00e9trang\u00e8res.<\/p>\n<p>Et si, par ailleurs, les \u00e9coles sont ferm\u00e9es et que d\u2019importants embouteillages paralysent la capitale, ce sont 17.000 agents des forces de l\u2019ordre qui ont \u00e9t\u00e9 mobilis\u00e9s pour faire face \u00e0 tout d\u00e9bordement.<\/p>\n<p>Enfin, au vu de l\u2019ampleur du mouvement de contestation et, surtout, de la d\u00e9termination affich\u00e9e par l\u2019ensemble de la classe politique pakistanaise et par ces dizaines de milliers de manifestants qui investissent en masse les rues de la capitale bien d\u00e9cid\u00e9s \u00e0 en d\u00e9coudre une fois pour toutes avec Imran Khan, il semble bien que le glas a bel et bien sonn\u00e9 pour l\u2019ancien champion de cricket et que ce dernier va devoir quitter, sans d\u00e9lais, les bureaux de la Primature. Alors, attendons pour voir\u2026<\/p>\n<p class=\"c2\"><strong>Nabil El Bousaadi<\/strong><\/p>\n<p>Auteur: M&rsquo;hammed rahal<br \/>\n<a href=\"http:\/\/albayane.press.ma\/pakistan-le-premier-ministre-face-a-la-contestation.html\">Cliquez ici pour lire l&rsquo;article depuis sa source.<\/a><\/p>\n","protected":false},"excerpt":{"rendered":"<p>La d\u00e9t\u00e9rioration de la situation \u00e9conomique et financi\u00e8re du Pakistan, caract\u00e9ris\u00e9e notamment par la d\u00e9valuation de la roupie qui a perdu un tiers de sa valeur, une tr\u00e8s faible croissance qui plafonne \u00e0 3% et une inflation qui a atteint 8%, a eu raison de la popularit\u00e9 d\u2019Imran Khan, ancien champion de cricket devenu Premier [&hellip;]<\/p>\n","protected":false},"author":1760,"featured_media":0,"comment_status":"closed","ping_status":"closed","sticky":false,"template":"","format":"standard","meta":{"fifu_image_url":"","fifu_image_alt":"","footnotes":""},"categories":[73,54],"tags":[],"class_list":["post-66768","post","type-post","status-publish","format-standard","hentry","category-actualite","category-maroc"],"_links":{"self":[{"href":"https:\/\/linitiative.ca\/International\/wp-json\/wp\/v2\/posts\/66768","targetHints":{"allow":["GET"]}}],"collection":[{"href":"https:\/\/linitiative.ca\/International\/wp-json\/wp\/v2\/posts"}],"about":[{"href":"https:\/\/linitiative.ca\/International\/wp-json\/wp\/v2\/types\/post"}],"author":[{"embeddable":true,"href":"https:\/\/linitiative.ca\/International\/wp-json\/wp\/v2\/users\/1760"}],"replies":[{"embeddable":true,"href":"https:\/\/linitiative.ca\/International\/wp-json\/wp\/v2\/comments?post=66768"}],"version-history":[{"count":0,"href":"https:\/\/linitiative.ca\/International\/wp-json\/wp\/v2\/posts\/66768\/revisions"}],"wp:attachment":[{"href":"https:\/\/linitiative.ca\/International\/wp-json\/wp\/v2\/media?parent=66768"}],"wp:term":[{"taxonomy":"category","embeddable":true,"href":"https:\/\/linitiative.ca\/International\/wp-json\/wp\/v2\/categories?post=66768"},{"taxonomy":"post_tag","embeddable":true,"href":"https:\/\/linitiative.ca\/International\/wp-json\/wp\/v2\/tags?post=66768"}],"curies":[{"name":"wp","href":"https:\/\/api.w.org\/{rel}","templated":true}]}}