{"id":66769,"date":"2019-11-07T06:01:32","date_gmt":"2019-11-07T11:01:32","guid":{"rendered":"https:\/\/linitiative.ca\/International\/44e-anniversaire-de-la-glorieuse-marche-verte\/"},"modified":"2019-11-07T06:01:32","modified_gmt":"2019-11-07T11:01:32","slug":"44e-anniversaire-de-la-glorieuse-marche-verte","status":"publish","type":"post","link":"https:\/\/linitiative.ca\/International\/44e-anniversaire-de-la-glorieuse-marche-verte\/","title":{"rendered":"44e  anniversaire de la glorieuse Marche verte"},"content":{"rendered":"<p class=\"has-text-color has-vivid-red-color c2\"><strong>Une \u00e9pop\u00e9e grav\u00e9e en lettres d\u2019or dans l\u2019histoire contemporaine du Royaume<\/strong><\/p>\n<p class=\"has-text-color has-vivid-green-cyan-color\"><strong>Le peuple marocain c\u00e9l\u00e8bre, mercredi, le 44\u00e8 anniversaire de la Marche Verte, une \u00e9tape phare dans le processus du parach\u00e8vement de l\u2019int\u00e9grit\u00e9 territoriale du Royaume.<\/strong><\/p>\n<p>Cette \u00e9pop\u00e9e glorieuse, initi\u00e9e de main de ma\u00eetre par Feu SM Hassan II, illustre la forte coh\u00e9sion entre le Tr\u00f4ne et le peuple ainsi que l\u2019unanimit\u00e9 autour des constantes et des valeurs sacr\u00e9es de la nation marocaine.<\/p>\n<p>En effet, cet \u00e9v\u00e9nement est l\u2019occasion de se rem\u00e9morer comment plus de 350.000 volontaires civils, venant des quatre coins du pays, ont converg\u00e9 de mani\u00e8re organis\u00e9e et paisible, vers le sud du Royaume traversant \u00e0 pas s\u00fbrs les fronti\u00e8res chim\u00e9riques et hissant fi\u00e8rement le drapeau national dans le ciel de ce territoire qui a toujours fait partie int\u00e9grante du Maroc.<\/p>\n<p>Cette mar\u00e9e humaine a r\u00e9pondu de mani\u00e8re spontan\u00e9e \u00e0 l\u2019appel lanc\u00e9 par Feu SM Hassan II, illustrant, comme souvent dans l\u2019histoire du Royaume, la parfaite symbiose entre le glorieux Tr\u00f4ne Alaouite et le peuple marocain.<\/p>\n<p>L\u2019appel de Feu SM Hassan II, lanc\u00e9 le 16 octobre 1975 est intervenu apr\u00e8s la confirmation par la Cour Internationale de Justice (CIJ) de La Haye de l\u2019existence de liens juridiques et d\u2019all\u00e9geance entre les Sultans du Maroc et les tribus sahraouies.<\/p>\n<p>L\u2019avis de la CIJ, qui avait expliqu\u00e9 que le Sahara n\u2019a jamais \u00e9t\u00e9 \u00ab\u00a0terra-nullius\u00a0\u00bb et qu\u2019il y avait des \u00ab\u00a0liens juridiques d\u2019all\u00e9geance\u00a0\u00bb entre ce territoire et le Royaume du Maroc, repr\u00e9sentait une reconnaissance de la l\u00e9gitimit\u00e9 des revendications du Maroc pour le recouvrement de ses territoires spoli\u00e9s et a servi d\u2019\u00e9l\u00e9ment d\u00e9clencheur pour cette marche qui a abouti \u00e0 la lib\u00e9ration des provinces du Sud.<\/p>\n<p>Inscrit en lettres d\u2019or dans l\u2019Histoire du Maroc, cet \u00e9v\u00e9nement, qui a permis de lib\u00e9rer le Sahara du joug colonial, t\u00e9moigne de la volont\u00e9 de toute une Nation d\u2019entamer sa marche vers le d\u00e9veloppement durable, global et harmonieux.<\/p>\n<p>C\u2019est ainsi que quatre d\u00e9cennies plus tard, cette marche se poursuit sous la conduite \u00e9clair\u00e9e de Sa Majest\u00e9 le Roi Mohammed VI qui, en 2015, a dot\u00e9 les provinces du Sud du Royaume d\u2019un nouveau mod\u00e8le de d\u00e9veloppement \u00e9conomique avec une enveloppe budg\u00e9taire de plusieurs dizaines de milliards de dirhams.<\/p>\n<p>En effet, il s\u2019agit d\u2019un projet dot\u00e9 d\u2019un contrat-programme mobilisant des investissements de l\u2019ordre de 77 milliards de dirhams sur la p\u00e9riode 2015-2021 et d\u2019un portefeuille d\u2019environ 650 projets.<\/p>\n<p>Ce mod\u00e8le permet de jeter les jalons d\u2019une politique int\u00e9gr\u00e9e ax\u00e9e sur le renforcement du rayonnement du Sahara comme centre \u00e9conomique et de renforcer sa position en tant que trait d\u2019union entre le Royaume ch\u00e9rifien et son prolongement africain.<\/p>\n<p>Les nombreux chantiers et projets mis en \u0153uvre dans ce cadre laissent pr\u00e9sager un avenir prometteur pour une r\u00e9gion vou\u00e9e \u00e0 devenir un p\u00f4le logistique incontournable et un v\u00e9ritable hub r\u00e9gional et international. La c\u00e9l\u00e9bration de cette grande marche populaire, en tant qu\u2019\u00e9tape marquante de l\u2019histoire du Royaume, offre l\u2019occasion de souligner la n\u00e9cessit\u00e9 de pr\u00e9server les valeurs nationales du Royaume et de les transmettre aux g\u00e9n\u00e9rations montantes en vue de renforcer leur sentiment de patriotisme et leur permettre de relever les d\u00e9fis du pr\u00e9sent et de l\u2019avenir.<\/p>\n<p>Auteur: M&rsquo;hammed rahal<br \/>\n<a href=\"http:\/\/albayane.press.ma\/44e-anniversaire-de-la-glorieuse-marche-verte.html\">Cliquez ici pour lire l&rsquo;article depuis sa source.<\/a><\/p>\n","protected":false},"excerpt":{"rendered":"<p>Une \u00e9pop\u00e9e grav\u00e9e en lettres d\u2019or dans l\u2019histoire contemporaine du Royaume Le peuple marocain c\u00e9l\u00e8bre, mercredi, le 44\u00e8 anniversaire de la Marche Verte, une \u00e9tape phare dans le processus du parach\u00e8vement de l\u2019int\u00e9grit\u00e9 territoriale du Royaume. Cette \u00e9pop\u00e9e glorieuse, initi\u00e9e de main de ma\u00eetre par Feu SM Hassan II, illustre la forte coh\u00e9sion entre le [&hellip;]<\/p>\n","protected":false},"author":1760,"featured_media":0,"comment_status":"closed","ping_status":"closed","sticky":false,"template":"","format":"standard","meta":{"fifu_image_url":"","fifu_image_alt":"","footnotes":""},"categories":[73,54],"tags":[],"class_list":["post-66769","post","type-post","status-publish","format-standard","hentry","category-actualite","category-maroc"],"_links":{"self":[{"href":"https:\/\/linitiative.ca\/International\/wp-json\/wp\/v2\/posts\/66769","targetHints":{"allow":["GET"]}}],"collection":[{"href":"https:\/\/linitiative.ca\/International\/wp-json\/wp\/v2\/posts"}],"about":[{"href":"https:\/\/linitiative.ca\/International\/wp-json\/wp\/v2\/types\/post"}],"author":[{"embeddable":true,"href":"https:\/\/linitiative.ca\/International\/wp-json\/wp\/v2\/users\/1760"}],"replies":[{"embeddable":true,"href":"https:\/\/linitiative.ca\/International\/wp-json\/wp\/v2\/comments?post=66769"}],"version-history":[{"count":0,"href":"https:\/\/linitiative.ca\/International\/wp-json\/wp\/v2\/posts\/66769\/revisions"}],"wp:attachment":[{"href":"https:\/\/linitiative.ca\/International\/wp-json\/wp\/v2\/media?parent=66769"}],"wp:term":[{"taxonomy":"category","embeddable":true,"href":"https:\/\/linitiative.ca\/International\/wp-json\/wp\/v2\/categories?post=66769"},{"taxonomy":"post_tag","embeddable":true,"href":"https:\/\/linitiative.ca\/International\/wp-json\/wp\/v2\/tags?post=66769"}],"curies":[{"name":"wp","href":"https:\/\/api.w.org\/{rel}","templated":true}]}}