{"id":66770,"date":"2019-11-07T06:08:53","date_gmt":"2019-11-07T11:08:53","guid":{"rendered":"https:\/\/linitiative.ca\/International\/le-maroc-entre-les-acquis-de-la-marche-verte-et-la-necessite-dune-marche-democratique%ef%bb%bf\/"},"modified":"2019-11-07T06:08:53","modified_gmt":"2019-11-07T11:08:53","slug":"le-maroc-entre-les-acquis-de-la-marche-verte-et-la-necessite-dune-marche-democratique%ef%bb%bf","status":"publish","type":"post","link":"https:\/\/linitiative.ca\/International\/le-maroc-entre-les-acquis-de-la-marche-verte-et-la-necessite-dune-marche-democratique%ef%bb%bf\/","title":{"rendered":"Le Maroc entre les acquis de la Marche Verte et la n\u00e9cessit\u00e9 d\u2019une Marche D\u00e9mocratique\ufeff"},"content":{"rendered":"<p class=\"c2\"><strong>Par : Abdeslam Seddiki<\/strong><\/p>\n<p class=\"has-text-color has-vivid-cyan-blue-color\"><strong>Le peuple marocain c\u00e9l\u00e8bre chaque ann\u00e9e,\u00a0 \u00e0 l\u2019unisson \u00a0et dans l\u2019all\u00e9gresse, l\u2019anniversaire de la Marche Verte du 6 novembre 1975. Cette date restera grav\u00e9e \u00e0 jamais dans la m\u00e9moire collective de notre peuple eu \u00e9gard \u00e0 son originalit\u00e9 et \u00e0 son impact sur l\u2019avenir du pays.<\/strong><\/p>\n<p>Seul un Roi du g\u00e9nie de Hassan II pouvait concevoir l\u2019organisation de cette marche pacifique, \u00e0 laquelle ont pris part 350 OOO volontaires repr\u00e9sentant toutes les r\u00e9gions et toutes les cat\u00e9gories socio-professionnelles, \u00a0pour lib\u00e9rer nos provinces sahariennes du joug colonial et parachever notre int\u00e9grit\u00e9 territoriale. La port\u00e9e d\u2019un tel \u00e9v\u00e8nement a \u00e9t\u00e9 consid\u00e9rable \u00e0 plusieurs niveaux. Il a donn\u00e9 lieu \u00e0 une\u00a0 nouvelle dynamique qui a permis au Maroc de devenir ce qu\u2019il est aujourd\u2019hui.<\/p>\n<p>C\u2019est dans le sillage de la r\u00e9cup\u00e9ration de nos territoires du Sud que le processus d\u00e9mocratique fut lanc\u00e9 en organisant imm\u00e9diatement apr\u00e8s les \u00e9lections communales et l\u00e9gislatives.\u00a0 Ce processus a \u00e9t\u00e9 consolid\u00e9 au cours du Nouveau R\u00e8gne par une s\u00e9rie de r\u00e9formes\u00a0 qui ont port\u00e9 sur les questions institutionnelles, \u00e9conomiques, sociales, culturelles et soci\u00e9tales.<\/p>\n<p>Le r\u00e9sultat est l\u00e0 : le Maroc de 2019 est tout \u00e0 fait diff\u00e9rent de celui d\u2019avant 1975. Son territoire s\u2019est \u00e9largi de 60%; sa population a plus que doubl\u00e9 et plus de 70% de Marocains ont vu le jour apr\u00e8s la Marche Verte; son tissu \u00e9conomique et social s\u2019est diversifi\u00e9.\u00a0 Le changement le plus spectaculaire a concern\u00e9 bien \u00e9videmment\u00a0 les provinces sahariennes qui ont connu au cours de ces ann\u00e9es un d\u00e9veloppement faramineux sur tous les aspects: d\u00e9veloppement des villes et s\u00e9dentarisation de la population, \u00e9dification d\u2019une infrastructure moderne, r\u00e9alisation des projets \u00e9conomiques productifs. Ce processus de d\u00e9veloppement tous azimuts se poursuit \u00e0 un rythme acc\u00e9l\u00e9r\u00e9 avec le lancement d\u2019un ambitieux programme de d\u00e9veloppement des provinces du Sud ayant mobilis\u00e9 la bagatelle de 77 MM DH sur la p\u00e9riode 2015-2021.<\/p>\n<p>Mais comme tout d\u00e9veloppement est n\u00e9cessairement contradictoire, de nouveaux probl\u00e8mes et de nouveaux besoins sont apparus et auxquels il faudra d\u00e9sormais faire face. Les novelles g\u00e9n\u00e9rations ont d\u2019autres exigences qui ne furent pas forc\u00e9ment \u00a0celles de leurs parents. C\u2019est ce qui a amen\u00e9 le Souverain \u00e0 appeler \u00e0 l\u2019\u00e9laboration d\u2019un nouveau mod\u00e8le de d\u00e9veloppement qui soit en phase justement avec les exigences de la jeunesse et qui apporte des solutions appropri\u00e9es aux probl\u00e8mes que vit le Maroc d\u2019aujourd\u2019hui. \u00a0Pour ce faire, nous avons besoin d\u2019une Marche D\u00e9mocratique en nous inspirant de l\u2019esprit et de la philosophie de la Marche Verte.<\/p>\n<p>Une telle \u00abmarche d\u00e9mocratique\u00bb doit avoir comme objectif le d\u00e9veloppement participatif et l\u2019engagement citoyen pour que les Marocains, dans leur diversit\u00e9, retrouveront confiance dans leur pays et ses instituions. Les probl\u00e8mes sociaux et \u00e9conomiques qui se posent de nos jours avec acuit\u00e9 n\u00e9cessitent un traitement politique et un changement de cap. Le pays a besoin plus que jamais d\u2019institutions cr\u00e9dibles seules \u00e0 m\u00eame de combler le vide inqui\u00e9tant qui caract\u00e9rise la vie politique et la m\u00e9diocrit\u00e9 de l\u2019offre politique qui n\u2019int\u00e9resse malheureusement que peu de monde.<\/p>\n<p>Des r\u00e9formes nouvelles et in\u00e9dites sont n\u00e9cessaires\u00a0pour lib\u00e9rer les initiatives,\u00a0 stimuler la cr\u00e9ativit\u00e9 et mettre fin \u00e0 certaines hypocrisies sociales qui se manifestent \u00e0 chaque fois qu\u2019on \u00e9voque par exemple les libert\u00e9s individuelles. Il est grand temps de franchir ces suppos\u00e9es \u00ablignes rouges\u00bb en la mati\u00e8re comme vient de le faire, avec courage et esprit de responsabilit\u00e9, le CNDH dans son dernier m\u00e9morandum adress\u00e9 au parlement. D\u00e9sormais, la balle est dans le camp des parlementaires pour l\u00e9gif\u00e9rer dans le sens du progr\u00e8s social et du renforcement des libert\u00e9s humaines.\u00a0 Car sans libert\u00e9, point de progr\u00e8s et point de d\u00e9mocratie.<\/p>\n<p>Dans le m\u00eame sens, on doit saluer les propositions du CESE formul\u00e9es dans son rapport annuel 2018. Cette instance consultative a pos\u00e9 en des termes nouveaux un certain nombre de probl\u00e9matiques qui constituent de v\u00e9ritables goulots d\u2019\u00e9tranglement telles que la question des enseignants contractuels relevant des AREF, \u00a0le ph\u00e9nom\u00e8ne de l\u2019exode des comp\u00e9tences, l\u2019acc\u00e8s des femmes \u00e0 l\u2019emploi et les nouvelles formes de protestation populaire favoris\u00e9es par le d\u00e9veloppement des r\u00e9seaux sociaux. Sur chacune de ces probl\u00e9matiques, le CESE a formul\u00e9 des propositions dignes d\u2019int\u00e9r\u00eat. Le temps n\u2019est plus \u00a0\u00e0 l\u2019immobilisme et \u00e0 l\u2019attentisme, \u00a0encore moins aux luttes st\u00e9riles autour de fausses questions.Il appelle \u00e0 l\u2019action et \u00e0 la mobilisation.<\/p>\n<p>La r\u00e9flexion sur le nouveau mod\u00e8le de d\u00e9veloppement est une occasion de mobiliser les \u00e9nergies et d\u2019impliquer toutes les bonnes volont\u00e9s. Ce NMD, qui ne se r\u00e9duit pas \u00e0 une dimension \u00e9conomique, se doit d\u2019aborder l\u2019ensemble des probl\u00e9matiques et leur apporter des solutions audacieuses et novatrices\u00a0 \u00e0 m\u00eame de faire entrer effectivement le Maroc dans le club des pays \u00e9mergents. C\u2019est \u00e0 cette condition que notre pays se mettra \u00e0 l\u2019abri des \u00abintemp\u00e9ries\u00bb et des menaces r\u00e9elles qui planent sur notre r\u00e9gion.<\/p>\n<p>Auteur: M&rsquo;hammed rahal<br \/>\n<a href=\"http:\/\/albayane.press.ma\/le-maroc-entre-les-acquis-de-la-marche-verte-et-la-necessite-dune-marche-democratique%EF%BB%BF.html\">Cliquez ici pour lire l&rsquo;article depuis sa source.<\/a><\/p>\n","protected":false},"excerpt":{"rendered":"<p>Par : Abdeslam Seddiki Le peuple marocain c\u00e9l\u00e8bre chaque ann\u00e9e,\u00a0 \u00e0 l\u2019unisson \u00a0et dans l\u2019all\u00e9gresse, l\u2019anniversaire de la Marche Verte du 6 novembre 1975. Cette date restera grav\u00e9e \u00e0 jamais dans la m\u00e9moire collective de notre peuple eu \u00e9gard \u00e0 son originalit\u00e9 et \u00e0 son impact sur l\u2019avenir du pays. Seul un Roi du g\u00e9nie [&hellip;]<\/p>\n","protected":false},"author":1760,"featured_media":0,"comment_status":"closed","ping_status":"closed","sticky":false,"template":"","format":"standard","meta":{"fifu_image_url":"","fifu_image_alt":"","footnotes":""},"categories":[73,54],"tags":[],"class_list":["post-66770","post","type-post","status-publish","format-standard","hentry","category-actualite","category-maroc"],"_links":{"self":[{"href":"https:\/\/linitiative.ca\/International\/wp-json\/wp\/v2\/posts\/66770","targetHints":{"allow":["GET"]}}],"collection":[{"href":"https:\/\/linitiative.ca\/International\/wp-json\/wp\/v2\/posts"}],"about":[{"href":"https:\/\/linitiative.ca\/International\/wp-json\/wp\/v2\/types\/post"}],"author":[{"embeddable":true,"href":"https:\/\/linitiative.ca\/International\/wp-json\/wp\/v2\/users\/1760"}],"replies":[{"embeddable":true,"href":"https:\/\/linitiative.ca\/International\/wp-json\/wp\/v2\/comments?post=66770"}],"version-history":[{"count":0,"href":"https:\/\/linitiative.ca\/International\/wp-json\/wp\/v2\/posts\/66770\/revisions"}],"wp:attachment":[{"href":"https:\/\/linitiative.ca\/International\/wp-json\/wp\/v2\/media?parent=66770"}],"wp:term":[{"taxonomy":"category","embeddable":true,"href":"https:\/\/linitiative.ca\/International\/wp-json\/wp\/v2\/categories?post=66770"},{"taxonomy":"post_tag","embeddable":true,"href":"https:\/\/linitiative.ca\/International\/wp-json\/wp\/v2\/tags?post=66770"}],"curies":[{"name":"wp","href":"https:\/\/api.w.org\/{rel}","templated":true}]}}