{"id":66771,"date":"2019-11-07T06:14:11","date_gmt":"2019-11-07T11:14:11","guid":{"rendered":"https:\/\/linitiative.ca\/International\/apaiser-la-colere-sociale-dans-le-souss\/"},"modified":"2019-11-07T06:14:11","modified_gmt":"2019-11-07T11:14:11","slug":"apaiser-la-colere-sociale-dans-le-souss","status":"publish","type":"post","link":"https:\/\/linitiative.ca\/International\/apaiser-la-colere-sociale-dans-le-souss\/","title":{"rendered":"Apaiser la col\u00e8re sociale dans le Souss"},"content":{"rendered":"<p class=\"has-text-color has-vivid-cyan-blue-color\"><strong>Tant bien que mal, nombre de rentr\u00e9es se sont succ\u00e9d\u00e9, sans trop de d\u00e9g\u00e2ts. On citera la rentr\u00e9e politique, avec le remaniement de l\u2019Ex\u00e9cutif, les rentr\u00e9es scolaire et parlementaire. A pr\u00e9sent, la rentr\u00e9e sociale taraude la soci\u00e9t\u00e9.<\/strong><\/p>\n<p>A mesure qu\u2019on avance, par-ci par-l\u00e0 des expressions de rejet et de refus se manifestent. A coup s\u00fbr, c\u2019est l\u00e0, la rentr\u00e9e la plus houleuse et mouvement\u00e9e. Aussi bien les institutions que les fabriques, les responsables se trouvent en conflit avec la population, notamment les couches d\u00e9munies. La tension s\u2019\u00e9l\u00e8ve \u00e0 plus d\u2019un titre pour un diff\u00e9rend ou encore un malentendu quelconque. De m\u00eame, les difficult\u00e9s s\u2019aggravent, de plus en plus, au point de mettre en danger la stabilit\u00e9 entre partenaires.<\/p>\n<p>Dans le Souss, plus pr\u00e9cis\u00e9ment, on citera, \u00e0 titre indicatif, les sit-in protestataires qui \u00e9maillent plusieurs lieux de la ville, bond\u00e9s de manifestants, banderoles brandies, en slogans ininterrompus. R\u00e9cemment, on a not\u00e9 un attroupement, en face de la Wilaya, r\u00e2lant et vocif\u00e9rant le malheur dont il souffre, depuis des ann\u00e9es. Il est question des victimes de la d\u00e9molition des bidonvilles sur les versants des pi\u00e9monts de la ville. Les plaignants frustr\u00e9s, qui estiment \u00eatre frapp\u00e9s par l\u2019injustice, ne cessent d\u2019exprimer publiquement leur malaise. Ils consid\u00e8rent que leurs appels ne sont pas combl\u00e9s face \u00e0 une administration indiff\u00e9rente, en d\u00e9pit de leur persistance \u00e0 recouvrer leurs droits l\u00e9gitimes. Certes, ce dossier ne date pas d\u2019hier, puisqu\u2019il tra\u00eene depuis plus d\u2019une d\u00e9cennie.<\/p>\n<p>Il va sans dire \u00e9galement que les s\u00e9quelles du traitement approximatif auquel il \u00e9tait soumis, compliquent son d\u00e9nouement, de nos jours.Un peu plus \u00e9loign\u00e9, du c\u00f4t\u00e9 du quartier de Talborjt, le promoteur national de l\u2019habitat est \u00e9galement point\u00e9 du doigt. Plusieurs dizaines de protestants s\u2019\u00e9crient \u00e0 tue-t\u00eate \u00e0 qui veut les entendre.<\/p>\n<p>Selon leurs dires, ils d\u00e9noncent l\u2019usurpation dont ils ont \u00e9t\u00e9 victimes. A en croire les associations sous l\u2019\u00e9tendard desquelles ils sont r\u00e9unis, devant l\u2019\u00e9tablissement demi-\u00e9tatique, ils ont acquis un terrain \u00e0 b\u00e2tir, mais ils se sont vite aper\u00e7us que l\u2019assiette fonci\u00e8re n\u2019est \u00a0pas encore assainie. Une situation burlesque qui laisse planer des doutes sur la v\u00e9racit\u00e9 de l\u2019attitude du promoteur.<\/p>\n<p>D\u2019autres mouvements sociaux \u00e9clatent ici et l\u00e0, provoquant ainsi un \u00e9tat de tension parmi les r\u00e9sidents. La rentr\u00e9e semble \u00eatre d\u2019une \u00e2pret\u00e9 inqui\u00e9tante. Sans nulle envie de verser dans une description alarmiste, il importe, en revanche, de ne pas minimiser ces sursauts de protestation qui peuvent faire t\u00e2che d\u2019huile et faire sombrer la ville dans l\u2019instabilit\u00e9 sociale. Il va falloir alors crever l\u2019abc\u00e8s avant qu\u2019il ne d\u00e9g\u00e9n\u00e8re. Prioriser le dialogue et \u00e9couter attentivement, dans le respect et la pond\u00e9ration les requ\u00eates des citoyens seraient la cl\u00e9 appropri\u00e9e \u00e0 tout affront social.<\/p>\n<p>Auteur: M&rsquo;hammed rahal<br \/>\n<a href=\"http:\/\/albayane.press.ma\/apaiser-la-colere-sociale-dans-le-souss.html\">Cliquez ici pour lire l&rsquo;article depuis sa source.<\/a><\/p>\n","protected":false},"excerpt":{"rendered":"<p>Tant bien que mal, nombre de rentr\u00e9es se sont succ\u00e9d\u00e9, sans trop de d\u00e9g\u00e2ts. On citera la rentr\u00e9e politique, avec le remaniement de l\u2019Ex\u00e9cutif, les rentr\u00e9es scolaire et parlementaire. A pr\u00e9sent, la rentr\u00e9e sociale taraude la soci\u00e9t\u00e9. A mesure qu\u2019on avance, par-ci par-l\u00e0 des expressions de rejet et de refus se manifestent. A coup s\u00fbr, [&hellip;]<\/p>\n","protected":false},"author":1760,"featured_media":0,"comment_status":"closed","ping_status":"closed","sticky":false,"template":"","format":"standard","meta":{"fifu_image_url":"","fifu_image_alt":"","footnotes":""},"categories":[73,54],"tags":[],"class_list":["post-66771","post","type-post","status-publish","format-standard","hentry","category-actualite","category-maroc"],"_links":{"self":[{"href":"https:\/\/linitiative.ca\/International\/wp-json\/wp\/v2\/posts\/66771","targetHints":{"allow":["GET"]}}],"collection":[{"href":"https:\/\/linitiative.ca\/International\/wp-json\/wp\/v2\/posts"}],"about":[{"href":"https:\/\/linitiative.ca\/International\/wp-json\/wp\/v2\/types\/post"}],"author":[{"embeddable":true,"href":"https:\/\/linitiative.ca\/International\/wp-json\/wp\/v2\/users\/1760"}],"replies":[{"embeddable":true,"href":"https:\/\/linitiative.ca\/International\/wp-json\/wp\/v2\/comments?post=66771"}],"version-history":[{"count":0,"href":"https:\/\/linitiative.ca\/International\/wp-json\/wp\/v2\/posts\/66771\/revisions"}],"wp:attachment":[{"href":"https:\/\/linitiative.ca\/International\/wp-json\/wp\/v2\/media?parent=66771"}],"wp:term":[{"taxonomy":"category","embeddable":true,"href":"https:\/\/linitiative.ca\/International\/wp-json\/wp\/v2\/categories?post=66771"},{"taxonomy":"post_tag","embeddable":true,"href":"https:\/\/linitiative.ca\/International\/wp-json\/wp\/v2\/tags?post=66771"}],"curies":[{"name":"wp","href":"https:\/\/api.w.org\/{rel}","templated":true}]}}