{"id":66772,"date":"2019-11-07T06:19:41","date_gmt":"2019-11-07T11:19:41","guid":{"rendered":"https:\/\/linitiative.ca\/International\/%ef%bb%bfla-presse-papier-va-t-elle-disparaitre\/"},"modified":"2019-11-07T06:19:41","modified_gmt":"2019-11-07T11:19:41","slug":"%ef%bb%bfla-presse-papier-va-t-elle-disparaitre","status":"publish","type":"post","link":"https:\/\/linitiative.ca\/International\/%ef%bb%bfla-presse-papier-va-t-elle-disparaitre\/","title":{"rendered":"\ufeff\u00abLa presse papier va-t-elle dispara\u00eetre?\u00bb"},"content":{"rendered":"<p class=\"has-text-color has-drop-cap has-vivid-cyan-blue-color\"><strong>Le journaliste et ancien directeur g\u00e9n\u00e9ral de la soci\u00e9t\u00e9 de distribution \u00abSapress\u00bb, M. Mohamed Berrada, sera l\u2019invit\u00e9, mardi 12 novembre, du Forum de la MAP sur le th\u00e8me \u00abQuel mod\u00e8le \u00e9conomique pour la presse aujourd\u2019hui : la presse papier va-t-elle dispara\u00eetre ?\u00bb.<\/strong><\/p>\n<p>Cette rencontre, qui aura lieu au si\u00e8ge de la MAP \u00e0 Rabat \u00e0 partir de 10h00, sera l\u2019occasion pour M. Berrada d\u2019aborder les conditions difficiles de la presse papier et les d\u00e9fis qu\u2019elle affronte avec le d\u00e9veloppement des moyens de communication. M. Mohamed Berrada avait suivi au d\u00e9but des ann\u00e9es 1970 une formation de journaliste dans plusieurs instituts sup\u00e9rieurs de journalisme en France avant de publier le journal \u00abcorrespondances de la presse\u00bb. En 1977, il a fond\u00e9 \u00abSapress\u00bb, consid\u00e9r\u00e9e comme la premi\u00e8re soci\u00e9t\u00e9 nationale de distribution et de l\u2019\u00e9dition et le plus grand \u00e9tablissement dans ce domaine au monde arabe et en Afrique.<br \/>Berrada \u00e9tait \u00e9galement membre fondateur de l\u2019union des distributeurs arabes dont il \u00e9tait pr\u00e9sident entre 2006-2009.<\/p>\n<p>Laur\u00e9at du Grand prix national de la presse dans sa premi\u00e8re \u00e9dition en 2003, M. Berrada est membre actif de plusieurs instances et organisations sp\u00e9cialis\u00e9es dans l\u2019\u00e9dition et la distribution. Il \u00e9tait \u00e9galement pr\u00e9sident de la Confr\u00e9rie des compagnons de Gutenberg, section Maroc.<\/p>\n<p>Cette rencontre s\u2019inscrit dans le cadre d\u2019une riche programmation mise en place en comm\u00e9moration du 60\u00e8me anniversaire de la MAP. En effet, l\u2019Agence accorde \u00e0 cette c\u00e9l\u00e9bration l\u2019int\u00e9r\u00eat particulier qui lui \u00e9choit \u00e0 la lumi\u00e8re de la place de proue qu\u2019elle occupe \u00e0 l\u2019\u00e9chelle du champ m\u00e9diatique national. Le programme comprend, notamment, une s\u00e9rie de rencontres portant sur diverses questions li\u00e9es aux m\u00e9dias et \u00e0 la presse au Maroc.<\/p>\n<p>La participation de M. Berrada \u00e0 ce Forum \u00e9mane du souci de l\u2019Agence d\u2019impliquer des personnalit\u00e9s du monde des m\u00e9dias ayant contribu\u00e9 \u00e0 l\u2019\u00e9mancipation du secteur de l\u2019\u00e9dition et de la presse. Ce Forum constitue l\u2019occasion idoine pour examiner de nouveaux horizons prometteurs en vue de promouvoir le secteur m\u00e9diatique national, ainsi que le r\u00f4le primordial et constructif de l\u2019Agence dans ce domaine.<\/p>\n<p>La diffusion en direct de cette rencontre sera assur\u00e9e via MAP-Live sur le site mapexpress.ma et sur les comptes de la MAP sur les r\u00e9seaux sociaux: Facebook, Twitter et Instagram, de m\u00eame que la traduction simultan\u00e9e vers trois langues : fran\u00e7aise, espagnole et anglaise.<\/p>\n<p>Auteur: M&rsquo;hammed rahal<br \/>\n<a href=\"http:\/\/albayane.press.ma\/%EF%BB%BFla-presse-papier-va-t-elle-disparaitre.html\">Cliquez ici pour lire l&rsquo;article depuis sa source.<\/a><\/p>\n","protected":false},"excerpt":{"rendered":"<p>Le journaliste et ancien directeur g\u00e9n\u00e9ral de la soci\u00e9t\u00e9 de distribution \u00abSapress\u00bb, M. Mohamed Berrada, sera l\u2019invit\u00e9, mardi 12 novembre, du Forum de la MAP sur le th\u00e8me \u00abQuel mod\u00e8le \u00e9conomique pour la presse aujourd\u2019hui : la presse papier va-t-elle dispara\u00eetre ?\u00bb. Cette rencontre, qui aura lieu au si\u00e8ge de la MAP \u00e0 Rabat \u00e0 [&hellip;]<\/p>\n","protected":false},"author":1760,"featured_media":0,"comment_status":"closed","ping_status":"closed","sticky":false,"template":"","format":"standard","meta":{"fifu_image_url":"","fifu_image_alt":"","footnotes":""},"categories":[73,54],"tags":[],"class_list":["post-66772","post","type-post","status-publish","format-standard","hentry","category-actualite","category-maroc"],"_links":{"self":[{"href":"https:\/\/linitiative.ca\/International\/wp-json\/wp\/v2\/posts\/66772","targetHints":{"allow":["GET"]}}],"collection":[{"href":"https:\/\/linitiative.ca\/International\/wp-json\/wp\/v2\/posts"}],"about":[{"href":"https:\/\/linitiative.ca\/International\/wp-json\/wp\/v2\/types\/post"}],"author":[{"embeddable":true,"href":"https:\/\/linitiative.ca\/International\/wp-json\/wp\/v2\/users\/1760"}],"replies":[{"embeddable":true,"href":"https:\/\/linitiative.ca\/International\/wp-json\/wp\/v2\/comments?post=66772"}],"version-history":[{"count":0,"href":"https:\/\/linitiative.ca\/International\/wp-json\/wp\/v2\/posts\/66772\/revisions"}],"wp:attachment":[{"href":"https:\/\/linitiative.ca\/International\/wp-json\/wp\/v2\/media?parent=66772"}],"wp:term":[{"taxonomy":"category","embeddable":true,"href":"https:\/\/linitiative.ca\/International\/wp-json\/wp\/v2\/categories?post=66772"},{"taxonomy":"post_tag","embeddable":true,"href":"https:\/\/linitiative.ca\/International\/wp-json\/wp\/v2\/tags?post=66772"}],"curies":[{"name":"wp","href":"https:\/\/api.w.org\/{rel}","templated":true}]}}