{"id":66774,"date":"2019-11-07T13:02:14","date_gmt":"2019-11-07T18:02:14","guid":{"rendered":"https:\/\/linitiative.ca\/International\/prix-assia-djebar-du-roman-installation-des-membres-du-jury\/"},"modified":"2019-11-07T13:02:14","modified_gmt":"2019-11-07T18:02:14","slug":"prix-assia-djebar-du-roman-installation-des-membres-du-jury","status":"publish","type":"post","link":"https:\/\/linitiative.ca\/International\/prix-assia-djebar-du-roman-installation-des-membres-du-jury\/","title":{"rendered":"Prix Assia Djebar du roman: installation des membres du jury"},"content":{"rendered":"<div readability=\"33\">\n<p><strong>ALGER &#8211; Les membres du jury du Prix Assia-Djebar du roman 2019 ont \u00e9t\u00e9 install\u00e9s mercredi \u00e0 Alger.<\/strong><\/p>\n<\/div>\n<div readability=\"108.042833608\">\n<p>La c\u00e9r\u00e9monie d&rsquo;installation a \u00e9t\u00e9 pr\u00e9sid\u00e9e par le ministre de la Communication, porte-parole du Gouvernement et ministre de la Culture par int\u00e9rim, Hassan Rabehi. Pr\u00e9sid\u00e9 par Mme A\u00efcha Kassoul, le jury comprend Hamid Bouhbib, Karima Mendili, Kaci Djerbib et Ahmed Ouyad.<\/p>\n<p>Cet \u00e9v\u00e8nement qui porte un message fort, constitue un gage de fid\u00e9lit\u00e9 et une marque de consid\u00e9ration pour les illustres et les innovateurs et \u00e9galement un accompagnement des plumes qui se lancent dans l&rsquo;innovation, sous les auspices d&rsquo;un jury fort de comp\u00e9tences nationales dans les domaines de la litt\u00e9rature et des arts.<\/p>\n<p>De m\u00eame que la tenue de la 5e \u00e9dition de cet important \u00e9v\u00e8nement cultuel, en la conjoncture que traverse le pays, transmet un message fort aux \u00e9diteurs, auteurs et \u00e0 l&rsquo;ensemble des acteurs de la sc\u00e8ne culturelle et m\u00e9diatique pour \u00ab\u00a0garantir la continuit\u00e9 et la p\u00e9rennit\u00e9 de cette manifestation et mettre en relief les caract\u00e9ristiques de l&rsquo;Alg\u00e9rie innovante et cr\u00e9ative\u00a0\u00bb.<\/p>\n<p>Le Prix Assia-Djebar du roman 2018 a permis d&rsquo;honorer des \u0153uvres exceptionnelles et de d\u00e9couvrir de nouveaux talents \u00ab\u00a0qui contribueront incontestablement au d\u00e9veloppement de la culture dans notre pays\u00a0\u00bb, a rappel\u00e9 le ministre.<\/p>\n<p>Ce concours, \u00e0 l&rsquo;instar d&rsquo;autres, a pour objectif exploit\u00e9 les id\u00e9es lumineuses dans le d\u00e9veloppement de la personnalit\u00e9 nationale, la diffusion des hautes valeurs humaines, le d\u00e9veloppement des soci\u00e9t\u00e9s outre le rapprochement entre les peuples.\u00a0<\/p>\n<p>Institu\u00e9 en 2015, le Grand Prix Assia-Djebar du roman vise \u00e0 promouvoir la production litt\u00e9raire alg\u00e9rienne et \u00e0 encourager et faire conna\u00eetre les \u00e9crivains et auteurs alg\u00e9riens au-del\u00e0 des fronti\u00e8res nationales.<\/p>\n<hr\/>\n<h3>Lire aussi:\u00a0<a href=\"http:\/\/www.aps.dz\/culture\/94903-lancement-de-la-5e-edition-du-grand-prix-assia-djebar\" target=\"_blank\" rel=\"noopener noreferrer\">Lancement de la 5e \u00e9dition du Grand prix Assia Djebar<\/a><\/h3>\n<hr\/>\n<p>Ce Prix est un hommage \u00e0 la romanci\u00e8re alg\u00e9rienne Assia Djebar qui a r\u00e9pondu, d\u00e8s son jeune \u00e2ge, \u00e0 l&rsquo;appel de la patrie en participant en 1959 \u00e0 la gr\u00e8ve initi\u00e9e par l&rsquo;Union g\u00e9n\u00e9rale des \u00e9tudiants musulmans alg\u00e9riens (UGEMA) et en poursuivant son militantisme contre l&rsquo;occupation et en faveur de la d\u00e9fense des droits de l&rsquo;homme \u00e0 travers la cr\u00e9ation litt\u00e9raire jusqu&rsquo;\u00e0 l&rsquo;ind\u00e9pendance.<\/p>\n<p>Dans son film \u00ab\u00a0La Nouba des femmes du mont Chenoua\u00a0\u00bb, Prix de la Critique internationale \u00e0 la Biennale de Venise de 1979, Assia Djebar retra\u00e7a le combat des femmes rurales contre l&rsquo;occupant fran\u00e7ais.<\/p>\n<p>Laur\u00e9ate de nombreux prix pour ses \u0153uvres litt\u00e9raires, notamment \u00ab\u00a0La Soif\u00a0\u00bb, \u00ab\u00a0Loin de M\u00e9dine\u00a0\u00bb, \u00ab\u00a0Ombre Sultane\u00a0\u00bb, l&rsquo;\u00e9crivaine deviendra, en 2005, la premi\u00e8re femme arabe et africaine \u00e0 entrer \u00e0 l&rsquo;Acad\u00e9mie fran\u00e7aise.<\/p>\n<p>Celle qui fut pressentie, plusieurs fois, pour le Prix Nobel de litt\u00e9rature a tir\u00e9 sa r\u00e9v\u00e9rence en 2015, laissant derri\u00e8re elle une \u0153uvre monumentale.<\/p>\n<p>Institu\u00e9 par l&rsquo;Anep et l&rsquo;Enag, le Grand Prix Assia-Djebar du roman r\u00e9compense les meilleures \u0153uvres litt\u00e9raires en langue arabe, amazighe et fran\u00e7aise.<\/p>\n<p>Le jury de la quatri\u00e8me \u00e9dition de ce Grand Prix avait distingu\u00e9 Nahed Boukhalfa, Mhenni Khalifi et Ryad Girod.<\/p>\n<\/div>\n<p>Auteur:<br \/>\n<a href=\"http:\/\/www.aps.dz\/culture\/97080-prix-assia-djebar-du-roman-installation-des-membres-du-jury\">Cliquez ici pour lire l&rsquo;article depuis sa source.<\/a><\/p>\n","protected":false},"excerpt":{"rendered":"<p>ALGER &#8211; Les membres du jury du Prix Assia-Djebar du roman 2019 ont \u00e9t\u00e9 install\u00e9s mercredi \u00e0 Alger. La c\u00e9r\u00e9monie d&rsquo;installation a \u00e9t\u00e9 pr\u00e9sid\u00e9e par le ministre de la Communication, porte-parole du Gouvernement et ministre de la Culture par int\u00e9rim, Hassan Rabehi. Pr\u00e9sid\u00e9 par Mme A\u00efcha Kassoul, le jury comprend Hamid Bouhbib, Karima Mendili, Kaci [&hellip;]<\/p>\n","protected":false},"author":1790,"featured_media":0,"comment_status":"closed","ping_status":"closed","sticky":false,"template":"","format":"standard","meta":{"fifu_image_url":"","fifu_image_alt":"","footnotes":""},"categories":[53,79],"tags":[],"class_list":["post-66774","post","type-post","status-publish","format-standard","hentry","category-algerie","category-culture"],"_links":{"self":[{"href":"https:\/\/linitiative.ca\/International\/wp-json\/wp\/v2\/posts\/66774","targetHints":{"allow":["GET"]}}],"collection":[{"href":"https:\/\/linitiative.ca\/International\/wp-json\/wp\/v2\/posts"}],"about":[{"href":"https:\/\/linitiative.ca\/International\/wp-json\/wp\/v2\/types\/post"}],"author":[{"embeddable":true,"href":"https:\/\/linitiative.ca\/International\/wp-json\/wp\/v2\/users\/1790"}],"replies":[{"embeddable":true,"href":"https:\/\/linitiative.ca\/International\/wp-json\/wp\/v2\/comments?post=66774"}],"version-history":[{"count":0,"href":"https:\/\/linitiative.ca\/International\/wp-json\/wp\/v2\/posts\/66774\/revisions"}],"wp:attachment":[{"href":"https:\/\/linitiative.ca\/International\/wp-json\/wp\/v2\/media?parent=66774"}],"wp:term":[{"taxonomy":"category","embeddable":true,"href":"https:\/\/linitiative.ca\/International\/wp-json\/wp\/v2\/categories?post=66774"},{"taxonomy":"post_tag","embeddable":true,"href":"https:\/\/linitiative.ca\/International\/wp-json\/wp\/v2\/tags?post=66774"}],"curies":[{"name":"wp","href":"https:\/\/api.w.org\/{rel}","templated":true}]}}