{"id":66777,"date":"2019-11-07T13:02:24","date_gmt":"2019-11-07T18:02:24","guid":{"rendered":"https:\/\/linitiative.ca\/International\/24e-sila-quatre-nouvelles-publications-sur-des-personnalites-amazighes-historiques\/"},"modified":"2019-11-07T13:02:24","modified_gmt":"2019-11-07T18:02:24","slug":"24e-sila-quatre-nouvelles-publications-sur-des-personnalites-amazighes-historiques","status":"publish","type":"post","link":"https:\/\/linitiative.ca\/International\/24e-sila-quatre-nouvelles-publications-sur-des-personnalites-amazighes-historiques\/","title":{"rendered":"24e SILA: Quatre nouvelles publications sur des personnalit\u00e9s amazighes historiques\u00a0"},"content":{"rendered":"<div readability=\"35\">\n<p><strong>ALGER- L&rsquo;Entreprise nationale de communication, d&rsquo;\u00e9dition et de publicit\u00e9 (ANEP) a \u00e9dit\u00e9 un nouveau coffret de 4 livrets sur des personnalit\u00e9s amazighes ayant marqu\u00e9 l&rsquo;histoire de l&rsquo;Alg\u00e9rie \u00e0 l&rsquo;\u00e9poque de\u00a0la conqu\u00eate musulmane.<\/strong><\/p>\n<\/div>\n<div readability=\"105\">\n<p>Edit\u00e9 dans le cadre de sa collection \u00ab\u00a0Des noms et des rep\u00e8res de l&rsquo;Histoire de l&rsquo;Alg\u00e9rie\u00a0\u00bb et destin\u00e9 aux enfants et aux \u00e9coliers, ce coffret comprend 4 livrets intitul\u00e9s \u00ab\u00a0Tarek Ibn Ziyad (670-721)\u00a0\u00bb, \u00ab\u00a0Aksil\u00a0(640-686)\u00a0\u00bb, \u00ab\u00a0Dihya, connue sous le nom de Kahina (585-712) et \u00ab\u00a0l&rsquo;Etat rost\u00e9mide (776-909)\u00a0\u00bb.<\/p>\n<p>Un portrait de chacune de ces personnalit\u00e9s illustre la couverture du livret qui lui est d\u00e9di\u00e9, r\u00e9alis\u00e9s par les dessinateurs Sidali Oudjiene et Mohamed Amine qui ont travaill\u00e9 d&rsquo;arrache pied pour se rapprocher au\u00a0maximum de leurs images et des tenues de leurs \u00e9poques.<\/p>\n<p>Sur le plan de la forme, ces livrets se distinguent par leur solidit\u00e9 et l&rsquo;esth\u00e9tique de leur pr\u00e9sentation, outre la beaut\u00e9 de la calligraphie \u00e0 m\u00eame de faciliter leur lecture, notamment pour les enfants.<\/p>\n<blockquote readability=\"11\">\n<p><strong>L&rsquo;auteure des trois livrets \u00ab\u00a0Dihya\u00a0\u00bb, \u00ab\u00a0Aksi\u00a0\u00bbl et \u00ab\u00a0Tarek Ibn Ziyad\u00a0\u00bb, l&rsquo;enseignante universitaire Nadjet Dahmoune a tenu \u00e0 donner bri\u00e8vement un aper\u00e7u de la situation pr\u00e9valant en Afrique du nord avant la conqu\u00eate musulmane afin de permettre aux lecteurs de comprendre l&rsquo;importance des r\u00e9alisations de ces personnalit\u00e9s, qui ont marqu\u00e9 l&rsquo;Histoire de l&rsquo;Alg\u00e9rie.<\/strong><\/p>\n<\/blockquote>\n<p>L&rsquo;auteure a tent\u00e9 de lever le flou entourant certains aspects dans l&rsquo;objectif de donner une image aussi proche que possible des v\u00e9rit\u00e9s historiques de cette \u00e9poque, qui \u00e9tait instable contrairement \u00e0 ce que\u00a0pr\u00e9tendent certains.<\/p>\n<p>Elle a attach\u00e9 un int\u00e9r\u00eat particulier aux d\u00e9tails des faits cristallisant le parcours Tariq Ibn Ziyad dans l&rsquo;ouvrage qui lui est consacr\u00e9, en mettant en exergue les conditions dans lesquelles il a grandi et sa relation avec le Roi des Awraba, Aksil qui s&rsquo;est converti en Islam gr\u00e2ce \u00e0 lui. Elle a \u00e9galement donn\u00e9 un aper\u00e7u sur l&rsquo;Andalousie avant la conqu\u00eate musulmane.<\/p>\n<p>Dans son ouvrage \u00ab\u00a0Aksil\u00a0\u00bb, Nadjat Dahmoune a tent\u00e9 de donner une image exhaustive sur cette personnalit\u00e9, dont elle a \u00e9voqu\u00e9 la vie, l&rsquo;entourage ainsi que la situation sociopolitique de son \u00e9poque mais aussi les conditions de sa d\u00e9tention et l&rsquo;humiliation qu&rsquo;il a eue \u00e0 subir.<\/p>\n<p>Dans \u00ab\u00a0Dhiya\u00a0\u00bb appel\u00e9 \u00e9galement \u00ab\u00a0Damia\u00a0\u00bb et \u00ab\u00a0Kahina\u00a0\u00bb, l&rsquo;auteure a \u00e9crit dans l&rsquo;introduction \u00ab\u00a0c&rsquo;est une v\u00e9ritable l\u00e9gende qui a vaincu l&rsquo;oubli et d\u00e9pass\u00e9 les fronti\u00e8res du temps pour \u00eatre une partie int\u00e9grante de la m\u00e9moire collective alg\u00e9rienne\u00a0\u00bb.<\/p>\n<blockquote readability=\"9\">\n<p><strong>Le livre qui lui est consacr\u00e9 \u00e9voque sa vie et sa r\u00e9sistance au d\u00e9but de la conqu\u00eate musulmane ainsi que la situation pr\u00e9valant au Maghreb apr\u00e8s son assassinat\u00a0Ces livres qui mettent en lumi\u00e8re des faits historiques sont r\u00e9dig\u00e9s dans un style litt\u00e9raire proche du roman, adopt\u00e9 sciemment par l&rsquo;\u00e9crivaine pour capter l&rsquo;attention des jeunes lecteurs.<\/strong><\/p>\n<\/blockquote>\n<p>Pour sa part, l&rsquo;\u00e9crivain du 4e livre, \u00ab\u00a0L&rsquo;Etat Rostamide\u00a0\u00bb, Tarek Slimani a mis en exergue dans son introduction, les conditions de l&rsquo;\u00e9mergence de l&rsquo;Eta Rostamide depuis ses pr\u00e9mices \u00e0 Tahret en l&rsquo;an 136 de l&rsquo;h\u00e9jire.<\/p>\n<p>L&rsquo;ouvrage donne un aper\u00e7u sur les imams Rost\u00e9mides et sur le r\u00f4le politique de cet Etat dans l&rsquo;instauration de la paix en Afrique du nord, outre ses relations avec les autres r\u00e9gimes de l&rsquo;\u00e9poque, ainsi que sur le r\u00f4le \u00e9conomique des Rost\u00e9mides.<\/p>\n<p>Ces livrets de 52 \u00e0 75 pages sont illustr\u00e9s de dessins et de cartes relatifs \u00e0 cette \u00e9poque. Les trois premiers livrets offrent un cadeau en forme de portrait de chacune des personnalit\u00e9s \u00e9voqu\u00e9es.<\/p>\n<p>Pour rappel, l&rsquo;ANEP avait d\u00e9j\u00e0 publi\u00e9 une collection de livres historiques sur les personnalit\u00e9s de Juba, Massinissa et Jugurtha.<\/p>\n<\/div>\n<p>Auteur:<br \/>\n<a href=\"http:\/\/www.aps.dz\/culture\/97114-24e-sila-quatre-nouvelles-publications-sur-des-personnalites-amazighes-historiques\">Cliquez ici pour lire l&rsquo;article depuis sa source.<\/a><\/p>\n","protected":false},"excerpt":{"rendered":"<p>ALGER- L&rsquo;Entreprise nationale de communication, d&rsquo;\u00e9dition et de publicit\u00e9 (ANEP) a \u00e9dit\u00e9 un nouveau coffret de 4 livrets sur des personnalit\u00e9s amazighes ayant marqu\u00e9 l&rsquo;histoire de l&rsquo;Alg\u00e9rie \u00e0 l&rsquo;\u00e9poque de\u00a0la conqu\u00eate musulmane. Edit\u00e9 dans le cadre de sa collection \u00ab\u00a0Des noms et des rep\u00e8res de l&rsquo;Histoire de l&rsquo;Alg\u00e9rie\u00a0\u00bb et destin\u00e9 aux enfants et aux \u00e9coliers, [&hellip;]<\/p>\n","protected":false},"author":1790,"featured_media":0,"comment_status":"closed","ping_status":"closed","sticky":false,"template":"","format":"standard","meta":{"fifu_image_url":"","fifu_image_alt":"","footnotes":""},"categories":[53,79],"tags":[],"class_list":["post-66777","post","type-post","status-publish","format-standard","hentry","category-algerie","category-culture"],"_links":{"self":[{"href":"https:\/\/linitiative.ca\/International\/wp-json\/wp\/v2\/posts\/66777","targetHints":{"allow":["GET"]}}],"collection":[{"href":"https:\/\/linitiative.ca\/International\/wp-json\/wp\/v2\/posts"}],"about":[{"href":"https:\/\/linitiative.ca\/International\/wp-json\/wp\/v2\/types\/post"}],"author":[{"embeddable":true,"href":"https:\/\/linitiative.ca\/International\/wp-json\/wp\/v2\/users\/1790"}],"replies":[{"embeddable":true,"href":"https:\/\/linitiative.ca\/International\/wp-json\/wp\/v2\/comments?post=66777"}],"version-history":[{"count":0,"href":"https:\/\/linitiative.ca\/International\/wp-json\/wp\/v2\/posts\/66777\/revisions"}],"wp:attachment":[{"href":"https:\/\/linitiative.ca\/International\/wp-json\/wp\/v2\/media?parent=66777"}],"wp:term":[{"taxonomy":"category","embeddable":true,"href":"https:\/\/linitiative.ca\/International\/wp-json\/wp\/v2\/categories?post=66777"},{"taxonomy":"post_tag","embeddable":true,"href":"https:\/\/linitiative.ca\/International\/wp-json\/wp\/v2\/tags?post=66777"}],"curies":[{"name":"wp","href":"https:\/\/api.w.org\/{rel}","templated":true}]}}