{"id":66778,"date":"2019-11-07T05:00:00","date_gmt":"2019-11-07T10:00:00","guid":{"rendered":"https:\/\/linitiative.ca\/International\/manque-de-professeurs\/"},"modified":"2019-11-07T05:00:00","modified_gmt":"2019-11-07T10:00:00","slug":"manque-de-professeurs","status":"publish","type":"post","link":"https:\/\/linitiative.ca\/International\/manque-de-professeurs\/","title":{"rendered":"Manque de professeurs"},"content":{"rendered":"<div id=\"originalText\" readability=\"43\">\n<p>Les \u00e9tudiants du d\u00e9partement d\u2019architecture d\u2019Alger-Centre ont lanc\u00e9 un appel sur facebook aux enseignants de faire du b\u00e9n\u00e9volat, \u00e0 cause de ce qu\u2019ils ont appel\u00e9 \u201cune p\u00e9nurie de professeurs\u201d.<\/p>\n<p>Ainsi, les \u00e9tudiants ont adress\u00e9 un message aux \u201cint\u00e9ress\u00e9s\u201d de se pr\u00e9senter au rectorat de la facult\u00e9 centrale ou de passer le message \u00e0 leurs connaissances dans l\u2019espoir que quelqu\u2019un soit int\u00e9ress\u00e9.<\/p>\n<p>Un message qui a scandalis\u00e9 de nombreux architectes qui se demandent quel r\u00f4le jouent le d\u00e9partement d\u2019architecture d&rsquo;Alger-Centre et le minist\u00e8re de l\u2019Enseignement sup\u00e9rieur.<\/p>\n<\/div>\n<div id=\"text_core\" readability=\"43\">\n<p>Les \u00e9tudiants du d\u00e9partement d\u2019architecture d\u2019Alger-Centre ont lanc\u00e9 un appel sur facebook aux enseignants de faire du b\u00e9n\u00e9volat, \u00e0 cause de ce qu\u2019ils ont appel\u00e9 \u201cune p\u00e9nurie de professeurs\u201d.<\/p>\n<p>Ainsi, les \u00e9tudiants ont adress\u00e9 un message aux \u201cint\u00e9ress\u00e9s\u201d de se pr\u00e9senter au rectorat de la facult\u00e9 centrale ou de passer le message \u00e0 leurs connaissances dans l\u2019espoir que quelqu\u2019un soit int\u00e9ress\u00e9.<\/p>\n<p>Un message qui a scandalis\u00e9 de nombreux architectes qui se demandent quel r\u00f4le jouent le d\u00e9partement d\u2019architecture d&rsquo;Alger-Centre et le minist\u00e8re de l\u2019Enseignement sup\u00e9rieur.<\/p>\n<\/div>\n<p>Auteur:<br \/>\n<a href=\"https:\/\/www.liberte-algerie.com\/radar\/manque-de-professeurs-327534\">Cliquez ici pour lire l&rsquo;article depuis sa source.<\/a><\/p>\n","protected":false},"excerpt":{"rendered":"<p>Les \u00e9tudiants du d\u00e9partement d\u2019architecture d\u2019Alger-Centre ont lanc\u00e9 un appel sur facebook aux enseignants de faire du b\u00e9n\u00e9volat, \u00e0 cause de ce qu\u2019ils ont appel\u00e9 \u201cune p\u00e9nurie de professeurs\u201d. Ainsi, les \u00e9tudiants ont adress\u00e9 un message aux \u201cint\u00e9ress\u00e9s\u201d de se pr\u00e9senter au rectorat de la facult\u00e9 centrale ou de passer le message \u00e0 leurs connaissances [&hellip;]<\/p>\n","protected":false},"author":1742,"featured_media":0,"comment_status":"closed","ping_status":"closed","sticky":false,"template":"","format":"standard","meta":{"fifu_image_url":"","fifu_image_alt":"","footnotes":""},"categories":[73,53],"tags":[],"class_list":["post-66778","post","type-post","status-publish","format-standard","hentry","category-actualite","category-algerie"],"_links":{"self":[{"href":"https:\/\/linitiative.ca\/International\/wp-json\/wp\/v2\/posts\/66778","targetHints":{"allow":["GET"]}}],"collection":[{"href":"https:\/\/linitiative.ca\/International\/wp-json\/wp\/v2\/posts"}],"about":[{"href":"https:\/\/linitiative.ca\/International\/wp-json\/wp\/v2\/types\/post"}],"author":[{"embeddable":true,"href":"https:\/\/linitiative.ca\/International\/wp-json\/wp\/v2\/users\/1742"}],"replies":[{"embeddable":true,"href":"https:\/\/linitiative.ca\/International\/wp-json\/wp\/v2\/comments?post=66778"}],"version-history":[{"count":0,"href":"https:\/\/linitiative.ca\/International\/wp-json\/wp\/v2\/posts\/66778\/revisions"}],"wp:attachment":[{"href":"https:\/\/linitiative.ca\/International\/wp-json\/wp\/v2\/media?parent=66778"}],"wp:term":[{"taxonomy":"category","embeddable":true,"href":"https:\/\/linitiative.ca\/International\/wp-json\/wp\/v2\/categories?post=66778"},{"taxonomy":"post_tag","embeddable":true,"href":"https:\/\/linitiative.ca\/International\/wp-json\/wp\/v2\/tags?post=66778"}],"curies":[{"name":"wp","href":"https:\/\/api.w.org\/{rel}","templated":true}]}}