{"id":66779,"date":"2019-11-07T05:00:00","date_gmt":"2019-11-07T10:00:00","guid":{"rendered":"https:\/\/linitiative.ca\/International\/le-soutien-de-marcel-khalifa-aux-algeriens\/"},"modified":"2019-11-07T05:00:00","modified_gmt":"2019-11-07T10:00:00","slug":"le-soutien-de-marcel-khalifa-aux-algeriens","status":"publish","type":"post","link":"https:\/\/linitiative.ca\/International\/le-soutien-de-marcel-khalifa-aux-algeriens\/","title":{"rendered":"Le soutien de Marcel Khalifa aux Alg\u00e9riens"},"content":{"rendered":"<div id=\"originalText\" readability=\"46\">\n<p>Le chanteur engag\u00e9 libanais Marcel Khalifa a appel\u00e9 les Alg\u00e9riens \u00e0 \u201caller de l\u2019avant dans leur combat permanent, \u00e0 poursuivre leur mouvement populaire\u201d. \u201cJe salue l\u2019Alg\u00e9rie et le peuple alg\u00e9rien du fond du c\u0153ur\u201d, \u00e9crit le chanteur dans un message vid\u00e9o post\u00e9 sur facebook.<\/p>\n<p>\u201cNous vivons sous le joug de r\u00e9gimes qui n\u2019ont jamais \u00e9t\u00e9 capables d\u2019assurer l\u2019avenir des citoyens. Il n\u2019est pas sage de parler d\u2019avenir alors que nous vivons dans le pass\u00e9\u201d, ajoute le chanteur qui ne s\u2019est pas priv\u00e9 de descendre en flammes les r\u00e9gimes arabes.<\/p>\n<p>\u201cNos lendemains sont incertains. D\u2019autres ont franchi la galaxie, et nous sommes encore \u00e0 scruter l\u2019astre le plus proche. L\u2019avenir est devenu un mot embarrassant\u201d, conclut-il.\u00a0<\/p>\n<\/div>\n<div id=\"text_core\" readability=\"46\">\n<p>Le chanteur engag\u00e9 libanais Marcel Khalifa a appel\u00e9 les Alg\u00e9riens \u00e0 \u201caller de l\u2019avant dans leur combat permanent, \u00e0 poursuivre leur mouvement populaire\u201d. \u201cJe salue l\u2019Alg\u00e9rie et le peuple alg\u00e9rien du fond du c\u0153ur\u201d, \u00e9crit le chanteur dans un message vid\u00e9o post\u00e9 sur facebook.<\/p>\n<p>\u201cNous vivons sous le joug de r\u00e9gimes qui n\u2019ont jamais \u00e9t\u00e9 capables d\u2019assurer l\u2019avenir des citoyens. Il n\u2019est pas sage de parler d\u2019avenir alors que nous vivons dans le pass\u00e9\u201d, ajoute le chanteur qui ne s\u2019est pas priv\u00e9 de descendre en flammes les r\u00e9gimes arabes.<\/p>\n<p>\u201cNos lendemains sont incertains. D\u2019autres ont franchi la galaxie, et nous sommes encore \u00e0 scruter l\u2019astre le plus proche. L\u2019avenir est devenu un mot embarrassant\u201d, conclut-il.\u00a0<\/p>\n<\/div>\n<p>Auteur:<br \/>\n<a href=\"https:\/\/www.liberte-algerie.com\/radar\/le-soutien-de-marcel-khalifa-aux-algeriens-327533\">Cliquez ici pour lire l&rsquo;article depuis sa source.<\/a><\/p>\n","protected":false},"excerpt":{"rendered":"<p>Le chanteur engag\u00e9 libanais Marcel Khalifa a appel\u00e9 les Alg\u00e9riens \u00e0 \u201caller de l\u2019avant dans leur combat permanent, \u00e0 poursuivre leur mouvement populaire\u201d. \u201cJe salue l\u2019Alg\u00e9rie et le peuple alg\u00e9rien du fond du c\u0153ur\u201d, \u00e9crit le chanteur dans un message vid\u00e9o post\u00e9 sur facebook. \u201cNous vivons sous le joug de r\u00e9gimes qui n\u2019ont jamais \u00e9t\u00e9 [&hellip;]<\/p>\n","protected":false},"author":1742,"featured_media":0,"comment_status":"closed","ping_status":"closed","sticky":false,"template":"","format":"standard","meta":{"fifu_image_url":"","fifu_image_alt":"","footnotes":""},"categories":[73,53],"tags":[],"class_list":["post-66779","post","type-post","status-publish","format-standard","hentry","category-actualite","category-algerie"],"_links":{"self":[{"href":"https:\/\/linitiative.ca\/International\/wp-json\/wp\/v2\/posts\/66779","targetHints":{"allow":["GET"]}}],"collection":[{"href":"https:\/\/linitiative.ca\/International\/wp-json\/wp\/v2\/posts"}],"about":[{"href":"https:\/\/linitiative.ca\/International\/wp-json\/wp\/v2\/types\/post"}],"author":[{"embeddable":true,"href":"https:\/\/linitiative.ca\/International\/wp-json\/wp\/v2\/users\/1742"}],"replies":[{"embeddable":true,"href":"https:\/\/linitiative.ca\/International\/wp-json\/wp\/v2\/comments?post=66779"}],"version-history":[{"count":0,"href":"https:\/\/linitiative.ca\/International\/wp-json\/wp\/v2\/posts\/66779\/revisions"}],"wp:attachment":[{"href":"https:\/\/linitiative.ca\/International\/wp-json\/wp\/v2\/media?parent=66779"}],"wp:term":[{"taxonomy":"category","embeddable":true,"href":"https:\/\/linitiative.ca\/International\/wp-json\/wp\/v2\/categories?post=66779"},{"taxonomy":"post_tag","embeddable":true,"href":"https:\/\/linitiative.ca\/International\/wp-json\/wp\/v2\/tags?post=66779"}],"curies":[{"name":"wp","href":"https:\/\/api.w.org\/{rel}","templated":true}]}}