{"id":66781,"date":"2019-11-07T05:00:00","date_gmt":"2019-11-07T10:00:00","guid":{"rendered":"https:\/\/linitiative.ca\/International\/le-p-apc-somme-de-se-determiner-par-rapport-a-la-presidentielle\/"},"modified":"2019-11-07T05:00:00","modified_gmt":"2019-11-07T10:00:00","slug":"le-p-apc-somme-de-se-determiner-par-rapport-a-la-presidentielle","status":"publish","type":"post","link":"https:\/\/linitiative.ca\/International\/le-p-apc-somme-de-se-determiner-par-rapport-a-la-presidentielle\/","title":{"rendered":"Le P\/APC somm\u00e9 de se d\u00e9terminer par rapport \u00e0 la pr\u00e9sidentielle"},"content":{"rendered":"<div id=\"originalText\" readability=\"47\">\n<p>Plus d\u2019une vingtaine de comit\u00e9s de quartier et de village de la commune de Tizi Ouzou ont observ\u00e9 hier matin un rassemblement devant le si\u00e8ge de leur APC, \u00e0 l\u2019effet d\u2019exiger du pr\u00e9sident de l\u2019APC de clarifier sa position concernant l\u2019\u00e9lection pr\u00e9sidentielle du 12 d\u00e9cembre prochain.<\/p>\n<p>\u201cTous les pr\u00e9sidents d\u2019APC de la wilaya de Tizi Ouzou ont exprim\u00e9 haut et fort leur rejet de l\u2019\u00e9lection, mais nous ne connaissons toujours pas la position du pr\u00e9sident de l\u2019APC de Tizi Ouzou. Nous avons demand\u00e9 \u00e0 le voir\u00a0 pour qu\u2019il clarifie sa position\u201d, nous dira un membre de l\u2019un des comit\u00e9s en question.<\/p>\n<p>Ces derniers sont finalement repartis bredouilles, tant la seule r\u00e9ponse qu\u2019ils ont pu recevoir est que \u201cle pr\u00e9sident est absent\u201d.\u00a0<\/p>\n<\/div>\n<div id=\"text_core\" readability=\"47\">\n<p>Plus d\u2019une vingtaine de comit\u00e9s de quartier et de village de la commune de Tizi Ouzou ont observ\u00e9 hier matin un rassemblement devant le si\u00e8ge de leur APC, \u00e0 l\u2019effet d\u2019exiger du pr\u00e9sident de l\u2019APC de clarifier sa position concernant l\u2019\u00e9lection pr\u00e9sidentielle du 12 d\u00e9cembre prochain.<\/p>\n<p>\u201cTous les pr\u00e9sidents d\u2019APC de la wilaya de Tizi Ouzou ont exprim\u00e9 haut et fort leur rejet de l\u2019\u00e9lection, mais nous ne connaissons toujours pas la position du pr\u00e9sident de l\u2019APC de Tizi Ouzou. Nous avons demand\u00e9 \u00e0 le voir\u00a0 pour qu\u2019il clarifie sa position\u201d, nous dira un membre de l\u2019un des comit\u00e9s en question.<\/p>\n<p>Ces derniers sont finalement repartis bredouilles, tant la seule r\u00e9ponse qu\u2019ils ont pu recevoir est que \u201cle pr\u00e9sident est absent\u201d.\u00a0<\/p>\n<\/div>\n<p>Auteur:<br \/>\n<a href=\"https:\/\/www.liberte-algerie.com\/radar\/le-p-apc-somme-de-se-determiner-par-rapport-a-la-presidentielle-327531\">Cliquez ici pour lire l&rsquo;article depuis sa source.<\/a><\/p>\n","protected":false},"excerpt":{"rendered":"<p>Plus d\u2019une vingtaine de comit\u00e9s de quartier et de village de la commune de Tizi Ouzou ont observ\u00e9 hier matin un rassemblement devant le si\u00e8ge de leur APC, \u00e0 l\u2019effet d\u2019exiger du pr\u00e9sident de l\u2019APC de clarifier sa position concernant l\u2019\u00e9lection pr\u00e9sidentielle du 12 d\u00e9cembre prochain. \u201cTous les pr\u00e9sidents d\u2019APC de la wilaya de Tizi [&hellip;]<\/p>\n","protected":false},"author":1742,"featured_media":0,"comment_status":"closed","ping_status":"closed","sticky":false,"template":"","format":"standard","meta":{"fifu_image_url":"","fifu_image_alt":"","footnotes":""},"categories":[73,53],"tags":[],"class_list":["post-66781","post","type-post","status-publish","format-standard","hentry","category-actualite","category-algerie"],"_links":{"self":[{"href":"https:\/\/linitiative.ca\/International\/wp-json\/wp\/v2\/posts\/66781","targetHints":{"allow":["GET"]}}],"collection":[{"href":"https:\/\/linitiative.ca\/International\/wp-json\/wp\/v2\/posts"}],"about":[{"href":"https:\/\/linitiative.ca\/International\/wp-json\/wp\/v2\/types\/post"}],"author":[{"embeddable":true,"href":"https:\/\/linitiative.ca\/International\/wp-json\/wp\/v2\/users\/1742"}],"replies":[{"embeddable":true,"href":"https:\/\/linitiative.ca\/International\/wp-json\/wp\/v2\/comments?post=66781"}],"version-history":[{"count":0,"href":"https:\/\/linitiative.ca\/International\/wp-json\/wp\/v2\/posts\/66781\/revisions"}],"wp:attachment":[{"href":"https:\/\/linitiative.ca\/International\/wp-json\/wp\/v2\/media?parent=66781"}],"wp:term":[{"taxonomy":"category","embeddable":true,"href":"https:\/\/linitiative.ca\/International\/wp-json\/wp\/v2\/categories?post=66781"},{"taxonomy":"post_tag","embeddable":true,"href":"https:\/\/linitiative.ca\/International\/wp-json\/wp\/v2\/tags?post=66781"}],"curies":[{"name":"wp","href":"https:\/\/api.w.org\/{rel}","templated":true}]}}