{"id":66785,"date":"2019-11-07T12:10:36","date_gmt":"2019-11-07T17:10:36","guid":{"rendered":"https:\/\/linitiative.ca\/International\/le-discours-royal-une-motivation-en-faveur-du-developpement\/"},"modified":"2019-11-07T12:10:36","modified_gmt":"2019-11-07T17:10:36","slug":"le-discours-royal-une-motivation-en-faveur-du-developpement","status":"publish","type":"post","link":"https:\/\/linitiative.ca\/International\/le-discours-royal-une-motivation-en-faveur-du-developpement\/","title":{"rendered":"Le Discours Royal, une motivation en faveur du d\u00e9veloppement"},"content":{"rendered":"<div readability=\"37\">\n<p>Marrakech \u2013 Le discours de SM le Roi Mohammed VI \u00e0 l\u2019occasion du 44\u00e8 anniversaire de la Marche Verte se veut un appel \u00e0 faire de cet \u00e9v\u00e9nement national phare une source de motivation et d\u2019inspiration pour les g\u00e9n\u00e9rations actuelles en vue de poursuivre l\u2019action en faveur du d\u00e9veloppement, a soulign\u00e9 l\u2019enseignant \u00e0 la Facult\u00e9 de Droit de Marrakech, Pr. Driss Lagrini.<\/p>\n<\/div>\n<div readability=\"81\">\n<p>SM le Roi Mohammed VI a r\u00e9affirm\u00e9 la forte symbolique de cette grande \u00e9pop\u00e9e inscrite en lettres d\u2019or dans l\u2019histoire du patriotisme marocain, pour la poursuite et le renforcement de l\u2019action visant \u00e0 r\u00e9ussir le pari du d\u00e9veloppement, a-t-il ajout\u00e9 dans une d\u00e9claration \u00e0 la MAP, relevant que le discours Royal insiste sur la n\u00e9cessit\u00e9 d\u2019instaurer une r\u00e9gionalisation avanc\u00e9e qui renforce la coh\u00e9sion et la compl\u00e9mentarit\u00e9 entre les r\u00e9gions du Royaume, \u00e0 m\u00eame de leur permettre de b\u00e9n\u00e9ficier des diff\u00e9rents projets et infrastructures \u00e0 pied d\u2019\u00e9galit\u00e9.<\/p>\n<p>Il a indiqu\u00e9 que le discours du Souverain appelle aussi \u00e0 tirer, en permanence, les enseignements de cet \u00e9v\u00e9nement phare en tant que proc\u00e9d\u00e9 pacifique pour le r\u00e8glement des conflits.<\/p>\n<p>M.Lagrini, \u00e9galement directeur du Laboratoire des \u00e9tudes internationales sur la gestion des crises, a soulign\u00e9 que le discours Royal insiste sur l\u2019importance du d\u00e9veloppement socio-\u00e9conomique dans la gestion de plusieurs probl\u00e9matiques et crises, r\u00e9affirmant la centralit\u00e9 de la question du d\u00e9veloppement des provinces du Sud qui constituent le portail du Maroc vers l\u2019Afrique subsaharienne.<\/p>\n<p>Et de noter que SM le Roi Mohammed VI a \u00e9galement mis l\u2019accent sur l\u2019importance de l\u2019\u00e9dification du Grand Maghreb en tant que revendication des peuples de la r\u00e9gion et moyen indispensable pour fortifier les pays maghr\u00e9bins contre plusieurs menaces et d\u00e9fis croissants et transfrontaliers, et ainsi relever le d\u00e9fi du d\u00e9veloppement et tirer profit des \u00e9normes potentialit\u00e9s de cette r\u00e9gion.<\/p>\n<p>Le discours Royal a, en outre, insist\u00e9 sur l\u2019importance du renforcement de la coop\u00e9ration euro-m\u00e9diterran\u00e9enne, compte tenu des probl\u00e9matiques et priorit\u00e9s communes dans cet espace aux niveaux \u00e9conomique, s\u00e9curitaire et strat\u00e9gique, qui exigent une coordination permanente, a-t-il expliqu\u00e9.<\/p>\n<p>M.Lagrini a, par ailleurs, fait remarquer que SM le Roi a mis en avant une fois encore la politique africaine du Maroc, notamment apr\u00e8s le retour du Royaume \u00e0 l\u2019Union africaine (UA).<\/p>\n<p>Cette orientation vers l\u2019Afrique repr\u00e9sente un choix strat\u00e9gique qui exige l\u2019accompagnement en vue de gagner les grands d\u00e9fis, ce qui sera b\u00e9n\u00e9fique \u00e0 la fois au Maroc et aux pays africains, a-t-il conclu.<\/p>\n<\/div>\n<p>Auteur: Meriem IGASS<br \/>\n<a href=\"http:\/\/www.mapmarrakech.ma\/fr\/discours\/\">Cliquez ici pour lire l&rsquo;article depuis sa source.<\/a><\/p>\n","protected":false},"excerpt":{"rendered":"<p>Marrakech \u2013 Le discours de SM le Roi Mohammed VI \u00e0 l\u2019occasion du 44\u00e8 anniversaire de la Marche Verte se veut un appel \u00e0 faire de cet \u00e9v\u00e9nement national phare une source de motivation et d\u2019inspiration pour les g\u00e9n\u00e9rations actuelles en vue de poursuivre l\u2019action en faveur du d\u00e9veloppement, a soulign\u00e9 l\u2019enseignant \u00e0 la Facult\u00e9 [&hellip;]<\/p>\n","protected":false},"author":1788,"featured_media":0,"comment_status":"closed","ping_status":"closed","sticky":false,"template":"","format":"standard","meta":{"fifu_image_url":"","fifu_image_alt":"","footnotes":""},"categories":[54,76],"tags":[],"class_list":["post-66785","post","type-post","status-publish","format-standard","hentry","category-maroc","category-regions"],"_links":{"self":[{"href":"https:\/\/linitiative.ca\/International\/wp-json\/wp\/v2\/posts\/66785","targetHints":{"allow":["GET"]}}],"collection":[{"href":"https:\/\/linitiative.ca\/International\/wp-json\/wp\/v2\/posts"}],"about":[{"href":"https:\/\/linitiative.ca\/International\/wp-json\/wp\/v2\/types\/post"}],"author":[{"embeddable":true,"href":"https:\/\/linitiative.ca\/International\/wp-json\/wp\/v2\/users\/1788"}],"replies":[{"embeddable":true,"href":"https:\/\/linitiative.ca\/International\/wp-json\/wp\/v2\/comments?post=66785"}],"version-history":[{"count":0,"href":"https:\/\/linitiative.ca\/International\/wp-json\/wp\/v2\/posts\/66785\/revisions"}],"wp:attachment":[{"href":"https:\/\/linitiative.ca\/International\/wp-json\/wp\/v2\/media?parent=66785"}],"wp:term":[{"taxonomy":"category","embeddable":true,"href":"https:\/\/linitiative.ca\/International\/wp-json\/wp\/v2\/categories?post=66785"},{"taxonomy":"post_tag","embeddable":true,"href":"https:\/\/linitiative.ca\/International\/wp-json\/wp\/v2\/tags?post=66785"}],"curies":[{"name":"wp","href":"https:\/\/api.w.org\/{rel}","templated":true}]}}