{"id":66786,"date":"2019-11-07T12:33:20","date_gmt":"2019-11-07T17:33:20","guid":{"rendered":"https:\/\/linitiative.ca\/International\/marche-verte-inauguration-de-projets-de-developpement\/"},"modified":"2019-11-07T12:33:20","modified_gmt":"2019-11-07T17:33:20","slug":"marche-verte-inauguration-de-projets-de-developpement","status":"publish","type":"post","link":"https:\/\/linitiative.ca\/International\/marche-verte-inauguration-de-projets-de-developpement\/","title":{"rendered":"Marche Verte: Inauguration de projets de d\u00e9veloppement"},"content":{"rendered":"<div readability=\"35\">\n<p>Essaouira \u2013 Le lancement et l\u2019inauguration de projets de d\u00e9veloppement visant \u00e0 am\u00e9liorer les conditions de vie des populations au niveau de la province d\u2019Essaouira ont eu lieu jeudi et ce, \u00e0 l\u2019occasion de la c\u00e9l\u00e9bration du 44\u00e8 anniversaire de la Glorieuse Marche Verte.<\/p>\n<\/div>\n<div readability=\"145\">\n<p>A cette occasion, deux c\u00e9r\u00e9monies grandioses ont \u00e9t\u00e9 organis\u00e9es respectivement \u00e0 la commune de Smimou (60 km d\u2019Essaouira) et \u00e0 la commune de Had Dra (35 km) en pr\u00e9sence notamment du gouverneur de la province d\u2019Essaouira, M. Adil El Maliki, des repr\u00e9sentants des autorit\u00e9s locales, des chefs des services ext\u00e9rieurs, des \u00e9lus locaux ainsi que d\u2019autres personnalit\u00e9s.<\/p>\n<p>A la Commune de Smimou, M. El Maliki a proc\u00e9d\u00e9 \u00e0 la pose de la premi\u00e8re pierre pour la construction de \u00ab\u00a0Dar Al Oumouma\u00a0\u00bb (Maison de la Maternit\u00e9), un projet inscrit dans le cadre du programme de r\u00e9duction des disparit\u00e9s territoriales et sociales en milieu rural et ciblant quelque 8.000 \u00e2mes.<\/p>\n<p>D\u2019un co\u00fbt de 969.836,40 DH financ\u00e9s par le Fonds de D\u00e9veloppement Rural, cette structure d\u2019accueil qui sera \u00e9rig\u00e9e sur une superficie de 220 M2, aura pour objectif d\u2019accueillir les femmes enceintes, avant et apr\u00e8s l\u2019accouchement, issues des villages et zones enclav\u00e9s dans de meilleures conditions.<\/p>\n<p>La Maison de la Maternit\u00e9, dont les travaux de r\u00e9alisation s\u2019\u00e9taleront sur une dur\u00e9e de huit mois, devra comprendre un salon marocain, 4 chambres, une cuisine, un d\u00e9p\u00f4t, et des d\u00e9pendances administratives entre autres.<\/p>\n<p>Ce projet devra \u00e0 terme accueillir les femmes enceintes des communes rurales de Smimou, Takouchte, Imigrade, Imintlit, Ida Ouazza, Tidzi, Tafedna et Sidi Ahmed Essayh.<\/p>\n<p>Par la suite, M. El Maliki et la d\u00e9l\u00e9gation l\u2019accompagnant ont suivi un expos\u00e9 pr\u00e9sent\u00e9 par le d\u00e9l\u00e9gu\u00e9 provincial de la Sant\u00e9, M. Zakaria Ait Lahcen, autour du th\u00e8me \u00ab\u00a0la sant\u00e9 de la m\u00e8re et de l\u2019enfant : la situation et les perspectives\u00a0\u00bb au niveau provincial, avec un accent particulier mis sur l\u2019importance de cette question en tant que priorit\u00e9 strat\u00e9gique sectorielle et gouvernementale.<\/p>\n<p>A cette occasion, des explications ont \u00e9t\u00e9 fournies \u00e0 l\u2019assistance sur la population cibl\u00e9e, l\u2019offre de sant\u00e9 au niveau de la province, l\u2019organisation des soins et traitements selon le niveau d\u2019acc\u00e8s, les prestations du secteur public et celles du secteur priv\u00e9 jug\u00e9es \u00ab\u00a0limit\u00e9es\u00a0\u00bb, et les r\u00e9alisations dans le cadre des programmes et services de sant\u00e9 pr\u00e9ventive et hospitali\u00e8re.<\/p>\n<p>Le gouverneur et la d\u00e9l\u00e9gation l\u2019accompagnant ont pris connaissance aussi des mesures prises au titre de 2017-2018, ainsi que des projets en cours d\u2019ex\u00e9cution.<\/p>\n<p>Dans la Commune de Had Dra, M. El Maliki a proc\u00e9d\u00e9 \u00e0 l\u2019inauguration du projet d\u2019approvisionnement de Douar A\u00efn Lahjar en eau potable, pour une enveloppe budg\u00e9taire de l\u2019ordre de 997.330,56 DH, financ\u00e9s dans le cadre de l\u2019Initiative Nationale pour le D\u00e9veloppement Humain (INDH).<\/p>\n<p>Inscrit dans le cadre du programme de r\u00e9duction des disparit\u00e9s territoriales et sociales en milieu rural, ce projet, qui profitera \u00e0 1.400 \u00e2mes, comporte la construction d\u2019un r\u00e9servoir d\u2019une capacit\u00e9 de 50 M3, la mise en place de moyens de pompage, d\u2019une structure technique ainsi que de 10.000 m\u00e8tres lin\u00e9aires de canaux d\u2019impulsion et de distribution.<\/p>\n<p>Par la m\u00eame occasion, des explications ont \u00e9t\u00e9 fournies \u00e0 M. El Maliki et \u00e0 la d\u00e9l\u00e9gation l\u2019accompagnant sur les projets relatifs \u00e0 l\u2019approvisionnement en eau potable au niveau du Cercle d\u2019Essaouira entre 2017 et 2019.<\/p>\n<p>Par ailleurs, dans une allocution de circonstance prononc\u00e9e au nom du Conseil de la commune de Had Dra, l\u2019accent a \u00e9t\u00e9 mis sur l\u2019impact positif de ce projet sur la population en termes d\u2019approvisionnement en eau potable, d\u2019am\u00e9lioration de leurs conditions de vie, et de r\u00e9alisation du d\u00e9veloppement local escompt\u00e9.<\/p>\n<p>Le conseil communal proc\u00e8de \u00e9galement, en collaboration avec plusieurs acteurs (INDH, l\u2019Agence Nationale pour le D\u00e9veloppement des Zones Oasiennes et l\u2019Arganier (ANDZOA), le Conseil provincial\u2026.), \u00e0 la r\u00e9alisation d\u2019une s\u00e9rie de projets de d\u00e9veloppement notamment, dans les secteurs de l\u2019eau, de l\u2019\u00e9lectricit\u00e9 et des routes et ce, dans le cadre de la mise en oeuvre d\u2019une strat\u00e9gie globale, explique le conseil de la commune de Had Dra, r\u00e9it\u00e9rant son engagement \u00e0 oeuvrer davantage en vue du renforcement des infrastructures au niveau local.<\/p>\n<\/div>\n<p>Auteur: Meriem IGASS<br \/>\n<a href=\"http:\/\/www.mapmarrakech.ma\/fr\/inauguration\/\">Cliquez ici pour lire l&rsquo;article depuis sa source.<\/a><\/p>\n","protected":false},"excerpt":{"rendered":"<p>Essaouira \u2013 Le lancement et l\u2019inauguration de projets de d\u00e9veloppement visant \u00e0 am\u00e9liorer les conditions de vie des populations au niveau de la province d\u2019Essaouira ont eu lieu jeudi et ce, \u00e0 l\u2019occasion de la c\u00e9l\u00e9bration du 44\u00e8 anniversaire de la Glorieuse Marche Verte. A cette occasion, deux c\u00e9r\u00e9monies grandioses ont \u00e9t\u00e9 organis\u00e9es respectivement \u00e0 [&hellip;]<\/p>\n","protected":false},"author":1788,"featured_media":0,"comment_status":"closed","ping_status":"closed","sticky":false,"template":"","format":"standard","meta":{"fifu_image_url":"","fifu_image_alt":"","footnotes":""},"categories":[54,76],"tags":[],"class_list":["post-66786","post","type-post","status-publish","format-standard","hentry","category-maroc","category-regions"],"_links":{"self":[{"href":"https:\/\/linitiative.ca\/International\/wp-json\/wp\/v2\/posts\/66786","targetHints":{"allow":["GET"]}}],"collection":[{"href":"https:\/\/linitiative.ca\/International\/wp-json\/wp\/v2\/posts"}],"about":[{"href":"https:\/\/linitiative.ca\/International\/wp-json\/wp\/v2\/types\/post"}],"author":[{"embeddable":true,"href":"https:\/\/linitiative.ca\/International\/wp-json\/wp\/v2\/users\/1788"}],"replies":[{"embeddable":true,"href":"https:\/\/linitiative.ca\/International\/wp-json\/wp\/v2\/comments?post=66786"}],"version-history":[{"count":0,"href":"https:\/\/linitiative.ca\/International\/wp-json\/wp\/v2\/posts\/66786\/revisions"}],"wp:attachment":[{"href":"https:\/\/linitiative.ca\/International\/wp-json\/wp\/v2\/media?parent=66786"}],"wp:term":[{"taxonomy":"category","embeddable":true,"href":"https:\/\/linitiative.ca\/International\/wp-json\/wp\/v2\/categories?post=66786"},{"taxonomy":"post_tag","embeddable":true,"href":"https:\/\/linitiative.ca\/International\/wp-json\/wp\/v2\/tags?post=66786"}],"curies":[{"name":"wp","href":"https:\/\/api.w.org\/{rel}","templated":true}]}}