{"id":66787,"date":"2019-11-07T12:53:48","date_gmt":"2019-11-07T17:53:48","guid":{"rendered":"https:\/\/linitiative.ca\/International\/entretiens-entre-m-akhannouch-et-un-directeur-au-sein-de-la-bm\/"},"modified":"2019-11-07T12:53:48","modified_gmt":"2019-11-07T17:53:48","slug":"entretiens-entre-m-akhannouch-et-un-directeur-au-sein-de-la-bm","status":"publish","type":"post","link":"https:\/\/linitiative.ca\/International\/entretiens-entre-m-akhannouch-et-un-directeur-au-sein-de-la-bm\/","title":{"rendered":"Entretiens entre M. Akhannouch et un directeur au sein de la BM"},"content":{"rendered":"<p><iframe loading=\"lazy\" width=\"1170\" height=\"658\" src=\"https:\/\/www.youtube.com\/embed\/GbiQWhBH1ws?feature=oembed\" frameborder=\"0\" allow=\"accelerometer; autoplay; encrypted-media; gyroscope; picture-in-picture\" allowfullscreen=\"\">[embedded content]<\/iframe><\/p>\n<div class=\"single-post-excerpt post-excerpt-bc\" readability=\"41\">\n<p>Le Royaume du Maroc compte sur le soutien de la Banque mondiale (BM) pour l\u2019accompagnement de la nouvelle strat\u00e9gie du secteur agricole, qui aura besoin de partenaires aussi forts et engag\u00e9s que cette institution financi\u00e8re mondiale, a soulign\u00e9 \u00e0 Marrakech, le ministre de l\u2019Agriculture, de la P\u00eache maritime, du D\u00e9veloppement rural et des Eaux et For\u00eats, Aziz Akhannouch.<\/p>\n<\/div>\n<p>Auteur: Meriem IGASS<br \/>\n<a href=\"http:\/\/www.mapmarrakech.ma\/fr\/entretiens-entre-a-akhannouch-et-le-directeur-du-departement-maghreb-et-malte-au-sein-de-la-bm\/\">Cliquez ici pour lire l&rsquo;article depuis sa source.<\/a><\/p>\n","protected":false},"excerpt":{"rendered":"<p>[embedded content] Le Royaume du Maroc compte sur le soutien de la Banque mondiale (BM) pour l\u2019accompagnement de la nouvelle strat\u00e9gie du secteur agricole, qui aura besoin de partenaires aussi forts et engag\u00e9s que cette institution financi\u00e8re mondiale, a soulign\u00e9 \u00e0 Marrakech, le ministre de l\u2019Agriculture, de la P\u00eache maritime, du D\u00e9veloppement rural et des [&hellip;]<\/p>\n","protected":false},"author":1788,"featured_media":0,"comment_status":"closed","ping_status":"closed","sticky":false,"template":"","format":"standard","meta":{"fifu_image_url":"","fifu_image_alt":"","footnotes":""},"categories":[54,76],"tags":[],"class_list":["post-66787","post","type-post","status-publish","format-standard","hentry","category-maroc","category-regions"],"_links":{"self":[{"href":"https:\/\/linitiative.ca\/International\/wp-json\/wp\/v2\/posts\/66787","targetHints":{"allow":["GET"]}}],"collection":[{"href":"https:\/\/linitiative.ca\/International\/wp-json\/wp\/v2\/posts"}],"about":[{"href":"https:\/\/linitiative.ca\/International\/wp-json\/wp\/v2\/types\/post"}],"author":[{"embeddable":true,"href":"https:\/\/linitiative.ca\/International\/wp-json\/wp\/v2\/users\/1788"}],"replies":[{"embeddable":true,"href":"https:\/\/linitiative.ca\/International\/wp-json\/wp\/v2\/comments?post=66787"}],"version-history":[{"count":0,"href":"https:\/\/linitiative.ca\/International\/wp-json\/wp\/v2\/posts\/66787\/revisions"}],"wp:attachment":[{"href":"https:\/\/linitiative.ca\/International\/wp-json\/wp\/v2\/media?parent=66787"}],"wp:term":[{"taxonomy":"category","embeddable":true,"href":"https:\/\/linitiative.ca\/International\/wp-json\/wp\/v2\/categories?post=66787"},{"taxonomy":"post_tag","embeddable":true,"href":"https:\/\/linitiative.ca\/International\/wp-json\/wp\/v2\/tags?post=66787"}],"curies":[{"name":"wp","href":"https:\/\/api.w.org\/{rel}","templated":true}]}}