{"id":66788,"date":"2019-11-07T09:21:43","date_gmt":"2019-11-07T14:21:43","guid":{"rendered":"https:\/\/linitiative.ca\/International\/visite-de-lambassadeur-sud-coreen-les-opportunites-dinvestissement-a-ghardaia-mises-en-avant\/"},"modified":"2019-11-07T09:21:43","modified_gmt":"2019-11-07T14:21:43","slug":"visite-de-lambassadeur-sud-coreen-les-opportunites-dinvestissement-a-ghardaia-mises-en-avant","status":"publish","type":"post","link":"https:\/\/linitiative.ca\/International\/visite-de-lambassadeur-sud-coreen-les-opportunites-dinvestissement-a-ghardaia-mises-en-avant\/","title":{"rendered":"Visite de l&rsquo;ambassadeur Sud Cor\u00e9en: les opportunit\u00e9s d&rsquo;investissement \u00e0 Gharda\u00efa mises en avant"},"content":{"rendered":"<div readability=\"35\">\n<p><strong>GHARDAIA- Les opportunit\u00e9s d&rsquo;affaires et d&rsquo;investissement qu&rsquo;offre la r\u00e9gion de Gharda\u00efa dans diff\u00e9rents secteurs ont \u00e9t\u00e9 mises en avant jeudi \u00e0 l&rsquo;occasion d&rsquo;une visite de travail et de prospection de l&rsquo;ambassadeur de la r\u00e9publique de Cor\u00e9e du sud en Alg\u00e9rie, Lee Eun-youg.<\/strong><\/p>\n<\/div>\n<div readability=\"78.5\">\n<p>Accompagn\u00e9 du pr\u00e9sident du groupe parlementaire d&rsquo;amiti\u00e9 alg\u00e9ro-cor\u00e9en, le d\u00e9put\u00e9 Mohamed Mehaya, l&rsquo;ambassadeur Sud-Cor\u00e9en s&rsquo;est montr\u00e9 fort int\u00e9ress\u00e9 par les atouts et les potentialit\u00e9s de la wilaya de Gharda\u00efa dans les domaines de l&rsquo;agriculture, le tourisme et les \u00e9nergies renouvelables, suite \u00e0 une rencontre tenue avec les membres de l&rsquo;association professionnel de l&rsquo;industrie de la vall\u00e9e du M&rsquo;zab et les op\u00e9rateurs \u00e9conomiques de la wilaya.<\/p>\n<blockquote readability=\"9\">\n<p><em><strong>Les op\u00e9rateurs \u00e9conomiques de Ghardaia ont focalis\u00e9 leurs interventions sur l&rsquo;apport technologique et le savoir-faire dans diff\u00e9rents domaines de la Cor\u00e9e, tout en mettant en avant les potentialit\u00e9s et les produits agricoles dont regorge la r\u00e9gion de Ghardaia ainsi que les opportunit\u00e9s d&rsquo;investissement et de partenariat.<\/strong><\/em><\/p>\n<\/blockquote>\n<p>S&rsquo;exprimant \u00e0 l&rsquo;APS au terme de cette rencontre, l&rsquo;ambassadeur Sud-cor\u00e9en a affirm\u00e9 que les relations d&rsquo;amiti\u00e9 unissant l&rsquo;Alg\u00e9rie et son pays sont appel\u00e9es \u00e0 devenir \u00ab\u00a0plus concr\u00e8tes\u00a0\u00bb sur le terrain dans divers domaines, en plus d&rsquo;exploiter les opportunit\u00e9s existantes en Alg\u00e9rie qui constitue une porte d&rsquo;entr\u00e9e sur le continent africain.<\/p>\n<p>Plusieurs soci\u00e9t\u00e9s cor\u00e9ennes investissent en Alg\u00e9rie, notamment dans le domaine industriel, cr\u00e9ant ainsi des opportunit\u00e9s de travail et d&rsquo;\u00e9change d&rsquo;expertises, a relev\u00e9 le diplomate, assurant que le gouvernement Sud-cor\u00e9en encouragera ces soci\u00e9t\u00e9s afin qu&rsquo;elles continuent sur cette lanc\u00e9e.<\/p>\n<blockquote readability=\"10\">\n<p><em><strong>Cette premi\u00e8re rencontre avec les acteurs \u00e9conomiques de la r\u00e9gion de Ghardaia a permis de prendre connaissance des potentialit\u00e9s \u00e9conomiques de la r\u00e9gion, son attractivit\u00e9 et les possibilit\u00e9s d&rsquo;investissement, a soulign\u00e9 M. Lee Eun-youg ajoutant que cette rencontre permet d&rsquo;\u00e9tablir une passerelle entre les op\u00e9rateurs \u00e9conomiques des deux pays en vue d&rsquo;un partenariat fructueux.<\/strong><\/em><\/p>\n<\/blockquote>\n<p>Pour sa part, Mohamed Mehaya a indiqu\u00e9 que la visite constitue une nouvelle impulsion pour les relations \u00e9conomiques entre les deux pays et une occasion d&rsquo;examiner les possibilit\u00e9s de promouvoir les investissements sud cor\u00e9ens dans la r\u00e9gion de Gharda\u00efa, tout en assurant qu&rsquo;il n&rsquo;\u00e9pargnera aucun effort pour promouvoir la destination de Ghardaia comme destination touristique par excellence.<\/p>\n<p>Auparavant, le diplomate sud-cor\u00e9en s&rsquo;est entretenu au si\u00e8ge de la wilaya avec le wali de Ghardaia.<\/p>\n<p>Des visites de l&rsquo;Unit\u00e9 de recherche en \u00e9nergie renouvelable, de p\u00e9rim\u00e8tres agricoles dans la r\u00e9gion de M\u00e9tlili ainsi que des sites touristiques, sont programm\u00e9es pour la d\u00e9l\u00e9gation diplomatique sud-cor\u00e9enne au terme de la visite de prospection dans la r\u00e9gion.<\/p>\n<\/div>\n<p>Auteur:<br \/>\n<a href=\"http:\/\/www.aps.dz\/regions\/97098-visite-de-l-ambassadeur-sud-coreen-les-opportunites-d-investissement-a-ghardaia-mises-en-avant\">Cliquez ici pour lire l&rsquo;article depuis sa source.<\/a><\/p>\n","protected":false},"excerpt":{"rendered":"<p>GHARDAIA- Les opportunit\u00e9s d&rsquo;affaires et d&rsquo;investissement qu&rsquo;offre la r\u00e9gion de Gharda\u00efa dans diff\u00e9rents secteurs ont \u00e9t\u00e9 mises en avant jeudi \u00e0 l&rsquo;occasion d&rsquo;une visite de travail et de prospection de l&rsquo;ambassadeur de la r\u00e9publique de Cor\u00e9e du sud en Alg\u00e9rie, Lee Eun-youg. Accompagn\u00e9 du pr\u00e9sident du groupe parlementaire d&rsquo;amiti\u00e9 alg\u00e9ro-cor\u00e9en, le d\u00e9put\u00e9 Mohamed Mehaya, l&rsquo;ambassadeur [&hellip;]<\/p>\n","protected":false},"author":1790,"featured_media":0,"comment_status":"closed","ping_status":"closed","sticky":false,"template":"","format":"standard","meta":{"fifu_image_url":"","fifu_image_alt":"","footnotes":""},"categories":[53,76],"tags":[],"class_list":["post-66788","post","type-post","status-publish","format-standard","hentry","category-algerie","category-regions"],"_links":{"self":[{"href":"https:\/\/linitiative.ca\/International\/wp-json\/wp\/v2\/posts\/66788","targetHints":{"allow":["GET"]}}],"collection":[{"href":"https:\/\/linitiative.ca\/International\/wp-json\/wp\/v2\/posts"}],"about":[{"href":"https:\/\/linitiative.ca\/International\/wp-json\/wp\/v2\/types\/post"}],"author":[{"embeddable":true,"href":"https:\/\/linitiative.ca\/International\/wp-json\/wp\/v2\/users\/1790"}],"replies":[{"embeddable":true,"href":"https:\/\/linitiative.ca\/International\/wp-json\/wp\/v2\/comments?post=66788"}],"version-history":[{"count":0,"href":"https:\/\/linitiative.ca\/International\/wp-json\/wp\/v2\/posts\/66788\/revisions"}],"wp:attachment":[{"href":"https:\/\/linitiative.ca\/International\/wp-json\/wp\/v2\/media?parent=66788"}],"wp:term":[{"taxonomy":"category","embeddable":true,"href":"https:\/\/linitiative.ca\/International\/wp-json\/wp\/v2\/categories?post=66788"},{"taxonomy":"post_tag","embeddable":true,"href":"https:\/\/linitiative.ca\/International\/wp-json\/wp\/v2\/tags?post=66788"}],"curies":[{"name":"wp","href":"https:\/\/api.w.org\/{rel}","templated":true}]}}