{"id":66790,"date":"2019-11-07T10:00:43","date_gmt":"2019-11-07T15:00:43","guid":{"rendered":"https:\/\/linitiative.ca\/International\/vers-louverture-de-nouvelles-lignes-sur-le-littoral-doran-en-prevision-des-jm-2021\/"},"modified":"2019-11-07T10:00:43","modified_gmt":"2019-11-07T15:00:43","slug":"vers-louverture-de-nouvelles-lignes-sur-le-littoral-doran-en-prevision-des-jm-2021","status":"publish","type":"post","link":"https:\/\/linitiative.ca\/International\/vers-louverture-de-nouvelles-lignes-sur-le-littoral-doran-en-prevision-des-jm-2021\/","title":{"rendered":"Vers l&rsquo;ouverture de nouvelles lignes sur le littoral d&rsquo;Oran en pr\u00e9vision des JM 2021"},"content":{"rendered":"<p><span class=\"sp-nh-title\">Foire internationale du livre de Sharjah : pr\u00e9sence timide du livre alg\u00e9rien en l&rsquo;absence de ses \u00e9diteurs<\/span> &#8211; <span class=\"sp-nh-date\">jeudi 7 novembre 2019 19:57<\/span><\/p>\n<p><span class=\"sp-nh-title\">APN: une pl\u00e9ni\u00e8re suppl\u00e9mentaire pour le d\u00e9bat du projet de loi modifiant la loi 18-15 relative aux lois de finances<\/span> &#8211; <span class=\"sp-nh-date\">jeudi 7 novembre 2019 19:53<\/span><\/p>\n<p><span class=\"sp-nh-title\">Nouria Bourihane install\u00e9e au poste de Directrice g\u00e9n\u00e9rale du quotidien Horizons<\/span> &#8211; <span class=\"sp-nh-date\">jeudi 7 novembre 2019 19:07<\/span><\/p>\n<p><span class=\"sp-nh-title\">Karat\u00e9 Koshiki : la Commission nationale reconnue par l&rsquo;instance internationale<\/span> &#8211; <span class=\"sp-nh-date\">jeudi 7 novembre 2019 19:01<\/span><\/p>\n<p><span class=\"sp-nh-title\">Mawlid Ennabawi : les Prix du concours de r\u00e9citation du Coran et du Hadith remis vendredi<\/span> &#8211; <span class=\"sp-nh-date\">jeudi 7 novembre 2019 18:56<\/span><\/p>\n<p><span class=\"sp-nh-title\">Journ\u00e9es litt\u00e9raires de T\u00e9bessa : insistance sur la communication entre auteurs<\/span> &#8211; <span class=\"sp-nh-date\">jeudi 7 novembre 2019 18:51<\/span><\/p>\n<p><span class=\"sp-nh-title\">Blida : d\u00e9cision de fermeture de la d\u00e9charge de Bouguerra en juin prochain<\/span> &#8211; <span class=\"sp-nh-date\">jeudi 7 novembre 2019 18:49<\/span><\/p>\n<p><span class=\"sp-nh-title\">Le gouvernement d\u00e9termin\u00e9 \u00e0 poursuivre l\u2019accompagnement des cat\u00e9gories vuln\u00e9rables<\/span> &#8211; <span class=\"sp-nh-date\">jeudi 7 novembre 2019 18:42<\/span><\/p>\n<p><span class=\"sp-nh-title\">Tiaret : un salon national d&rsquo;arts plastiques d\u00e9di\u00e9 \u00e0 Abdelwahab Selka<\/span> &#8211; <span class=\"sp-nh-date\">jeudi 7 novembre 2019 18:29<\/span><\/p>\n<p><span class=\"sp-nh-title\">La gestion des d\u00e9chets doit \u00eatre un d\u00e9fi \u00e9conomique \u00e0 relever<\/span> &#8211; <span class=\"sp-nh-date\">jeudi 7 novembre 2019 18:07<\/span><\/p>\n<p><span class=\"sp-nh-title\">24e SILA: Quatre nouvelles publications sur des personnalit\u00e9s amazighes historiques\u00a0<\/span> &#8211; <span class=\"sp-nh-date\">jeudi 7 novembre 2019 17:58<\/span><\/p>\n<p><span class=\"sp-nh-title\">Gaid Salah: la position de l\u2019ANP \u00e9mane de sa conviction de la n\u00e9cessit\u00e9 de sauvegarder la s\u00e9curit\u00e9 et la stabilit\u00e9 de l\u2019Alg\u00e9rie\u00a0<\/span> &#8211; <span class=\"sp-nh-date\">jeudi 7 novembre 2019 17:53<\/span><\/p>\n<p><span class=\"sp-nh-title\">Blida : pour une r\u00e9vision de la loi sur le remboursement des radios et analyses m\u00e9dicales<\/span> &#8211; <span class=\"sp-nh-date\">jeudi 7 novembre 2019 17:47<\/span><\/p>\n<p><span class=\"sp-nh-title\">Sant\u00e9 de la population: Miraoui met en avant les r\u00e9alisations de l&rsquo;Alg\u00e9rie<\/span> &#8211; <span class=\"sp-nh-date\">jeudi 7 novembre 2019 17:40<\/span><\/p>\n<p><span class=\"sp-nh-title\">Sahara occidental: le gouvernement espagnol appel\u00e9 \u00e0 adopter une position ferme et claire<\/span> &#8211; <span class=\"sp-nh-date\">jeudi 7 novembre 2019 17:23<\/span><\/p>\n<p><span class=\"sp-nh-title\">Poursuivre l&rsquo;\u00e9criture de l&rsquo;histoire nationale et transmettre les valeurs de novembre 1954<\/span> &#8211; <span class=\"sp-nh-date\">jeudi 7 novembre 2019 17:18<\/span><\/p>\n<p><span class=\"sp-nh-title\">Universit\u00e9 constantine1-recherches :1\u00e8re proth\u00e8se orthop\u00e9dique de genou en 2020<\/span> &#8211; <span class=\"sp-nh-date\">jeudi 7 novembre 2019 17:08<\/span><\/p>\n<p><span class=\"sp-nh-title\">Pour la r\u00e9gularisation de la situation des b\u00e9n\u00e9ficiaires de contrats de pr\u00e9-emploi<\/span> &#8211; <span class=\"sp-nh-date\">jeudi 7 novembre 2019 17:08<\/span><\/p>\n<p><span class=\"sp-nh-title\">La position de l&rsquo;ANP \u00e9mane de sa conviction immuable de la n\u00e9cessit\u00e9 de sauvegarder la s\u00e9curit\u00e9 de l&rsquo;Alg\u00e9rie<\/span> &#8211; <span class=\"sp-nh-date\">jeudi 7 novembre 2019 16:35<\/span><\/p>\n<p><span class=\"sp-nh-title\">Sahara occidental: le discours du roi est une expression d&rsquo;inqui\u00e9tude face \u00e0 la situation au Maroc<\/span> &#8211; <span class=\"sp-nh-date\">jeudi 7 novembre 2019 16:23<\/span><\/p>\n<p>Auteur:<br \/>\n<a href=\"http:\/\/www.aps.dz\/regions\/97103-vers-l-ouverture-de-nouvelles-lignes-sur-le-littoral-d-oran-en-prevision-des-jm-2021\">Cliquez ici pour lire l&rsquo;article depuis sa source.<\/a><\/p>\n","protected":false},"excerpt":{"rendered":"<p>Foire internationale du livre de Sharjah : pr\u00e9sence timide du livre alg\u00e9rien en l&rsquo;absence de ses \u00e9diteurs &#8211; jeudi 7 novembre 2019 19:57 APN: une pl\u00e9ni\u00e8re suppl\u00e9mentaire pour le d\u00e9bat du projet de loi modifiant la loi 18-15 relative aux lois de finances &#8211; jeudi 7 novembre 2019 19:53 Nouria Bourihane install\u00e9e au poste de [&hellip;]<\/p>\n","protected":false},"author":1790,"featured_media":0,"comment_status":"closed","ping_status":"closed","sticky":false,"template":"","format":"standard","meta":{"fifu_image_url":"","fifu_image_alt":"","footnotes":""},"categories":[53,76],"tags":[],"class_list":["post-66790","post","type-post","status-publish","format-standard","hentry","category-algerie","category-regions"],"_links":{"self":[{"href":"https:\/\/linitiative.ca\/International\/wp-json\/wp\/v2\/posts\/66790","targetHints":{"allow":["GET"]}}],"collection":[{"href":"https:\/\/linitiative.ca\/International\/wp-json\/wp\/v2\/posts"}],"about":[{"href":"https:\/\/linitiative.ca\/International\/wp-json\/wp\/v2\/types\/post"}],"author":[{"embeddable":true,"href":"https:\/\/linitiative.ca\/International\/wp-json\/wp\/v2\/users\/1790"}],"replies":[{"embeddable":true,"href":"https:\/\/linitiative.ca\/International\/wp-json\/wp\/v2\/comments?post=66790"}],"version-history":[{"count":0,"href":"https:\/\/linitiative.ca\/International\/wp-json\/wp\/v2\/posts\/66790\/revisions"}],"wp:attachment":[{"href":"https:\/\/linitiative.ca\/International\/wp-json\/wp\/v2\/media?parent=66790"}],"wp:term":[{"taxonomy":"category","embeddable":true,"href":"https:\/\/linitiative.ca\/International\/wp-json\/wp\/v2\/categories?post=66790"},{"taxonomy":"post_tag","embeddable":true,"href":"https:\/\/linitiative.ca\/International\/wp-json\/wp\/v2\/tags?post=66790"}],"curies":[{"name":"wp","href":"https:\/\/api.w.org\/{rel}","templated":true}]}}