{"id":66791,"date":"2019-11-07T11:47:17","date_gmt":"2019-11-07T16:47:17","guid":{"rendered":"https:\/\/linitiative.ca\/International\/blida-pour-une-revision-de-la-loi-sur-le-remboursement-des-radios-et-analyses-medicales\/"},"modified":"2019-11-07T11:47:17","modified_gmt":"2019-11-07T16:47:17","slug":"blida-pour-une-revision-de-la-loi-sur-le-remboursement-des-radios-et-analyses-medicales","status":"publish","type":"post","link":"https:\/\/linitiative.ca\/International\/blida-pour-une-revision-de-la-loi-sur-le-remboursement-des-radios-et-analyses-medicales\/","title":{"rendered":"Blida : pour une r\u00e9vision de la loi sur le remboursement des radios et analyses m\u00e9dicales"},"content":{"rendered":"<div readability=\"38\">\n<p><strong>BLIDA- Des participants \u00e0 une rencontre, ayant r\u00e9uni jeudi \u00e0 Blida, des cadres de l\u2019agence locale de la Caisse nationale des assurances sociales des travailleurs salari\u00e9s (CNAS) et des repr\u00e9sentants\u00a0d\u2019associations caritatives de la wilaya, ont lanc\u00e9 un appel aux autorit\u00e9s publiques en vue de la r\u00e9vision de la loi fixant le taux de remboursement des radios et des analyses m\u00e9dicales.<\/strong><\/p>\n<\/div>\n<div readability=\"125\">\n<p>\u00ab\u00a0Si la CNAS assure un taux de remboursement acceptable sur les m\u00e9dicaments, il n\u2019en est pas de m\u00eame pour les radios et les analyses m\u00e9dicales, dont le remboursent est quasi inexistant\u00a0\u00bb, ont soutenu des\u00a0intervenants \u00e0 cette rencontre, estimant que cette situation constitue \u00ab\u00a0une importante charge (financi\u00e8re) pour les malades, dont particuli\u00e8rement ceux atteints du cancer, de maladies graves ou chroniques\u00a0\u00bb, ont-ils soulign\u00e9.<\/p>\n<p>Selon Baghdadi Reda, repr\u00e9sentant de l\u2019association \u00ab\u00a0El Badr\u00a0\u00bb d\u2019aide aux malades du cancer, \u00ab\u00a0les d\u00e9penses inh\u00e9rentes aux m\u00e9dicaments, radios, analyses et autres frais de transport n\u00e9cessit\u00e9s pour un malade du cancer peuvent parfois d\u00e9passer les 100.000 da, \u00e0 la fois\u00a0\u00bb, a-t-il fait savoir \u00e0 l\u2019occasion.<\/p>\n<p>D\u2019ou son appel pour des \u00ab\u00a0textes de loi prenant en charge les personnes d\u00e9munies, parmi les malades du cancer non assur\u00e9s sociaux, parall\u00e8lement \u00e0 une loi pour assurer leur protection et soutien financier, ceci d\u2019autant plus\u00a0\u00bb, a-t-il ajout\u00e9, que de \u00ab\u00a0nombreux malades souffrent de plusieurs maladies \u00e0 la fois, rendant leur prise en charge financi\u00e8re par leur famille, fort difficile\u00a0\u00bb, est-il d\u00e9plor\u00e9.<\/p>\n<p>Il est soutenu dans cette revendication par Sa\u00e0di Karima, repr\u00e9sentante de l\u2019association \u00ab\u00a0El Fedjr\u00a0\u00bb d\u2019aide aux malades du cancer, qui a appel\u00e9, \u00e0 son tour, \u00e0 l'\u00a0\u00bbactualisation de la loi de 2007 et son agr\u00e9ment, en vue d\u2019assurer plus d\u2019avantages aux assur\u00e9s sociaux aupr\u00e8s de la CNAS\u00a0\u00bb.<\/p>\n<p>M\u00eame tempo pour le secr\u00e9taire g\u00e9n\u00e9ral de la f\u00e9d\u00e9ration de wilaya des retrait\u00e9s, Mohamed Kouhil, qui a mis en avant le fait qu\u2019une majorit\u00e9 des retrait\u00e9s sont des personnes \u00e2g\u00e9es souffrant de maladies chroniques, et partant requ\u00e9rant r\u00e9guli\u00e8rement des analyses et radios m\u00e9dicales, qui ne sont pas rembours\u00e9es, appelant, par l\u00e0, \u00e0 l'\u00a0\u00bbimp\u00e9ratif de l\u2019institution de lois pour rem\u00e9dier \u00e0 cette situation pr\u00e9judiciable pour leur maigre bourse\u00a0\u00bb, a-t-il estim\u00e9.<\/p>\n<p>Les participants \u00e0 cette rencontre ont abord\u00e9 de nombreux autres probl\u00e8mes dont se plaignent les assur\u00e9s sociaux, notamment le remboursement des frais de transport d\u2019une wilaya \u00e0 une autre, et l\u2019acc\u00e9l\u00e9ration des proc\u00e9dures de remboursement et de traitement des dossiers m\u00e9dicaux, pour une meilleur promotion de ce service public.<\/p>\n<p>\u00ab\u00a0Nous veillons \u00e0 assurer un accompagnement des malades parmi les assur\u00e9s sociaux, dans un cadre l\u00e9gal et humain, mais il se trouve que la CNAS est r\u00e9gie par une l\u00e9gislation fixe, \u00e0 laquelle il est impossible de d\u00e9roger\u00a0\u00bb, a assur\u00e9, pour sa part, la directrice de l\u2019agence locale de cette caisse, Samira Letreche.<\/p>\n<p>Elle s\u2019est, n\u00e9anmoins, engag\u00e9 \u00e0 \u00ab\u00a0transmettre les dol\u00e9ances exprim\u00e9es durant cette rencontre au minist\u00e8re de tutelle, en vue de trouver des solutions au service de l\u2019int\u00e9r\u00eat g\u00e9n\u00e9ral\u00a0\u00bb, a-t-elle dit, non sans affirmer\u00a0que le \u00ab\u00a0syst\u00e8me de l\u2019assurance sociale en Alg\u00e9rie est parmi les meilleurs\u00a0\u00bb.<\/p>\n<p>L\u2019agence CNAS de Blida assure une couverture sociale \u00e0 un taux de 90% de la population, repr\u00e9sent\u00e9 par plus de 1.288.000 assur\u00e9s sociaux et ayants droits, sur une population globale d\u20191.300.000 \u00e2mes, selon les chiffres fournis durant cette rencontre.<\/p>\n<\/div>\n<p>Auteur:<br \/>\n<a href=\"http:\/\/www.aps.dz\/regions\/97113-blida-plaidoyer-pour-une-revision-de-la-loi-portant-sur-le-remboursement-des-radios-et-analyses-medicales\">Cliquez ici pour lire l&rsquo;article depuis sa source.<\/a><\/p>\n","protected":false},"excerpt":{"rendered":"<p>BLIDA- Des participants \u00e0 une rencontre, ayant r\u00e9uni jeudi \u00e0 Blida, des cadres de l\u2019agence locale de la Caisse nationale des assurances sociales des travailleurs salari\u00e9s (CNAS) et des repr\u00e9sentants\u00a0d\u2019associations caritatives de la wilaya, ont lanc\u00e9 un appel aux autorit\u00e9s publiques en vue de la r\u00e9vision de la loi fixant le taux de remboursement des [&hellip;]<\/p>\n","protected":false},"author":1790,"featured_media":0,"comment_status":"closed","ping_status":"closed","sticky":false,"template":"","format":"standard","meta":{"fifu_image_url":"","fifu_image_alt":"","footnotes":""},"categories":[53,76],"tags":[],"class_list":["post-66791","post","type-post","status-publish","format-standard","hentry","category-algerie","category-regions"],"_links":{"self":[{"href":"https:\/\/linitiative.ca\/International\/wp-json\/wp\/v2\/posts\/66791","targetHints":{"allow":["GET"]}}],"collection":[{"href":"https:\/\/linitiative.ca\/International\/wp-json\/wp\/v2\/posts"}],"about":[{"href":"https:\/\/linitiative.ca\/International\/wp-json\/wp\/v2\/types\/post"}],"author":[{"embeddable":true,"href":"https:\/\/linitiative.ca\/International\/wp-json\/wp\/v2\/users\/1790"}],"replies":[{"embeddable":true,"href":"https:\/\/linitiative.ca\/International\/wp-json\/wp\/v2\/comments?post=66791"}],"version-history":[{"count":0,"href":"https:\/\/linitiative.ca\/International\/wp-json\/wp\/v2\/posts\/66791\/revisions"}],"wp:attachment":[{"href":"https:\/\/linitiative.ca\/International\/wp-json\/wp\/v2\/media?parent=66791"}],"wp:term":[{"taxonomy":"category","embeddable":true,"href":"https:\/\/linitiative.ca\/International\/wp-json\/wp\/v2\/categories?post=66791"},{"taxonomy":"post_tag","embeddable":true,"href":"https:\/\/linitiative.ca\/International\/wp-json\/wp\/v2\/tags?post=66791"}],"curies":[{"name":"wp","href":"https:\/\/api.w.org\/{rel}","templated":true}]}}