{"id":66792,"date":"2019-11-07T12:49:11","date_gmt":"2019-11-07T17:49:11","guid":{"rendered":"https:\/\/linitiative.ca\/International\/blida-decision-de-fermeture-de-la-decharge-de-bouguerra-en-juin-prochain\/"},"modified":"2019-11-07T12:49:11","modified_gmt":"2019-11-07T17:49:11","slug":"blida-decision-de-fermeture-de-la-decharge-de-bouguerra-en-juin-prochain","status":"publish","type":"post","link":"https:\/\/linitiative.ca\/International\/blida-decision-de-fermeture-de-la-decharge-de-bouguerra-en-juin-prochain\/","title":{"rendered":"Blida : d\u00e9cision de fermeture de la d\u00e9charge de Bouguerra en juin prochain"},"content":{"rendered":"<div readability=\"34\">\n<p><strong>BLIDA &#8211; Les autorit\u00e9s de Blida ont d\u00e9cid\u00e9 de la fermeture d\u00e9finitive de la d\u00e9charge publique de Bouguerra \u00ab\u00a0en juin prochain\u00a0\u00bb, apr\u00e8s avoir atteint un niveau de saturation jug\u00e9 \u00ab\u00a0tr\u00e8s avanc\u00e9\u00a0\u00bb.<\/strong><\/p>\n<\/div>\n<div readability=\"137.5\">\n<p>Cette d\u00e9cision fait suite aux derni\u00e8res actions de protestations des habitants de la commune, qui avaient exig\u00e9 la fermeture \u00ab\u00a0imm\u00e9diate\u00a0\u00bb de cette d\u00e9charge publique, au motif qu\u2019elle constitue, selon eux, \u00ab\u00a0un danger pour la sant\u00e9 publique, car se trouvant mitoyenne \u00e0 un cours d\u2019eau et \u00e0 de nombreux vergers et exploitations agricoles\u00a0\u00bb, ont-ils estim\u00e9.<\/p>\n<p>Un d\u00e9cision a \u00e9t\u00e9 prise, par la m\u00eame, en vue d\u2019affecter cette d\u00e9charge, sise \u00e0 l\u2019entr\u00e9e de la ville, \u00e0 l\u2019accueil des d\u00e9chets des communes de la seule da\u00efra de Bouguerra (Bouguerra, Ouled Slama et Hammam Melouane), en vue d\u2019\u00e9viter une catastrophe biologique, due \u00e0 la quantit\u00e9 \u00e9norme d\u2019ordures de diff\u00e9rentes communes recueillies pr\u00e9c\u00e9demment au niveau de cette d\u00e9charge.<\/p>\n<blockquote readability=\"16\">\n<p><strong>Cette d\u00e9cision de fermeture a \u00e9t\u00e9 fortement salu\u00e9e par les habitants de Bouguerra, en d\u00e9pit de son caract\u00e8re \u00ab\u00a0provisoire\u00a0\u00bb, ont-ils relev\u00e9. \u00ab\u00a0Cette d\u00e9cision va mettre un terme \u00e0 de nombreux probl\u00e8mes d\u2019ordre environnemental et sanitaire, longtemps d\u00e9cri\u00e9s par les habitants de la localit\u00e9 indispos\u00e9s\u00a0par les odeurs naus\u00e9abondes, \u00e0 l\u2019origine d\u2019allergies pour nombre d\u2019entre eux\u00a0\u00bb, a indiqu\u00e9, \u00e0 l\u2019APS, Ismail Chama, membre de l\u2019association \u00ab\u00a0Djil El Ghad\u00a0\u00bb et repr\u00e9sentant de la soci\u00e9t\u00e9 civile.<\/strong><\/p>\n<\/blockquote>\n<p>Au titre des solutions propos\u00e9es pour mettre un terme aux odeurs naus\u00e9abondes \u00e9manant de cette d\u00e9charge d\u2019une dizaine d\u2019hectares, M. Chama a fait part d\u2019une autre dol\u00e9ance des habitants de la localit\u00e9, consistant dans le \u00ab\u00a0recrutement de jeunes de la r\u00e9gion, en vue du contr\u00f4le des d\u00e9chets recueillis au niveau du site, qui constituait, dans le pass\u00e9, un r\u00e9ceptacle pour diff\u00e9rents d\u00e9chets hospitaliers et de boucheries (d\u00e9chets de poulets entre autres). Un fait qui accroissait la crainte des riverains, quant aux<\/p>\n<p>risques d\u2019allergies et de maladies cutan\u00e9es\u00a0\u00bb, a expliqu\u00e9 ce repr\u00e9sentant de la soci\u00e9t\u00e9 civile locale.<\/p>\n<p>De nombreux t\u00e9moignages recueillis, par l\u2019APS, aupr\u00e8s d\u2019habitants de cette commune, ont signal\u00e9 plusieurs familles de la localit\u00e9, qui ont chang\u00e9 de domicile, \u00e0 cause \u00ab\u00a0de maladies dues aux \u00e9manations naus\u00e9abondes, outre la pr\u00e9sence d\u2019insectes nuisibles\u00a0\u00bb, ont-ils indiqu\u00e9.<\/p>\n<p>Samir, un habitant riverain de la d\u00e9charge, a, quant \u00e0 lui, exprim\u00e9 son souhait, au m\u00eame titre que ses concitoyens, de voir l\u2019assiette de la d\u00e9charge, une fois d\u00e9finitivement ferm\u00e9e, \u00ab\u00a0transform\u00e9e en espaces verts\u00a0\u00bb, comme c\u2019est le cas de l\u2019Oued El Harrach (Alger), a-t-il soulign\u00e9, transform\u00e9 en jardin, apr\u00e8s avoir constitu\u00e9 le plus grand point noir de la capitale.<\/p>\n<p><span class=\"c29\"><strong>Des centres pour la collecte des d\u00e9chets<\/strong><\/span><\/p>\n<p>Toujours au titre des efforts de prise en charge de cet aspect environnemental, un centre de collecte des d\u00e9chets, premier du genre dans la wilaya, a \u00e9t\u00e9 mis en exploitation, durant cette semaine, dans la commune de Souma\u00e0, en guise de contribution \u00e0 la r\u00e9duction du trafic des camions transportant des d\u00e9chets vers les d\u00e9charges publiques.<\/p>\n<p>Selon M. Chorfa, ce nouveau centre sera le lieu de convergence des camions de transport d\u2019ordures des diff\u00e9rentes communes de la partie- Est de Blida.<\/p>\n<p>Lesquels d\u00e9chets seront ensuite achemin\u00e9s vers les d\u00e9charges publiques \u00e0 bord d\u2019un autre camion de gros tonnage, d\u2019une capacit\u00e9 de 40 tonnes.<\/p>\n<blockquote readability=\"13\">\n<p><strong>Il a fait part de la programmation \u00e0 l\u2019acquisition , \u00e0 l\u2019avenir, d\u2019autres camions de ce type, dont la capacit\u00e9 est 10 fois sup\u00e9rieur \u00e0 un camion ordinaire de transport de d\u00e9chets, ceci d\u2019autant plus qu\u2019un autre centre de collecte de d\u00e9chets similaire est pr\u00e9vu \u00e0 la r\u00e9alisation dans la partie ouest de la wilaya, a ajout\u00e9 la m\u00eame source.<\/strong><\/p>\n<\/blockquote>\n<p>A noter la mise au point par les services de la wilaya de Blida, d\u2019un programme portant r\u00e9alisation d\u2019une d\u00e9charge publique au niveau de chaque commune, en accordant la priorit\u00e9, \u00e0 l\u2019entame de ce projet, aux communes enregistrant une importante concentration d\u00e9mographique.<\/p>\n<\/div>\n<p>Auteur:<br \/>\n<a href=\"http:\/\/www.aps.dz\/regions\/97119-blida-decision-de-fermeture-de-la-decharge-de-bouguerra-en-juin-prochain\">Cliquez ici pour lire l&rsquo;article depuis sa source.<\/a><\/p>\n","protected":false},"excerpt":{"rendered":"<p>BLIDA &#8211; Les autorit\u00e9s de Blida ont d\u00e9cid\u00e9 de la fermeture d\u00e9finitive de la d\u00e9charge publique de Bouguerra \u00ab\u00a0en juin prochain\u00a0\u00bb, apr\u00e8s avoir atteint un niveau de saturation jug\u00e9 \u00ab\u00a0tr\u00e8s avanc\u00e9\u00a0\u00bb. Cette d\u00e9cision fait suite aux derni\u00e8res actions de protestations des habitants de la commune, qui avaient exig\u00e9 la fermeture \u00ab\u00a0imm\u00e9diate\u00a0\u00bb de cette d\u00e9charge publique, [&hellip;]<\/p>\n","protected":false},"author":1790,"featured_media":0,"comment_status":"closed","ping_status":"closed","sticky":false,"template":"","format":"standard","meta":{"fifu_image_url":"","fifu_image_alt":"","footnotes":""},"categories":[53,76],"tags":[],"class_list":["post-66792","post","type-post","status-publish","format-standard","hentry","category-algerie","category-regions"],"_links":{"self":[{"href":"https:\/\/linitiative.ca\/International\/wp-json\/wp\/v2\/posts\/66792","targetHints":{"allow":["GET"]}}],"collection":[{"href":"https:\/\/linitiative.ca\/International\/wp-json\/wp\/v2\/posts"}],"about":[{"href":"https:\/\/linitiative.ca\/International\/wp-json\/wp\/v2\/types\/post"}],"author":[{"embeddable":true,"href":"https:\/\/linitiative.ca\/International\/wp-json\/wp\/v2\/users\/1790"}],"replies":[{"embeddable":true,"href":"https:\/\/linitiative.ca\/International\/wp-json\/wp\/v2\/comments?post=66792"}],"version-history":[{"count":0,"href":"https:\/\/linitiative.ca\/International\/wp-json\/wp\/v2\/posts\/66792\/revisions"}],"wp:attachment":[{"href":"https:\/\/linitiative.ca\/International\/wp-json\/wp\/v2\/media?parent=66792"}],"wp:term":[{"taxonomy":"category","embeddable":true,"href":"https:\/\/linitiative.ca\/International\/wp-json\/wp\/v2\/categories?post=66792"},{"taxonomy":"post_tag","embeddable":true,"href":"https:\/\/linitiative.ca\/International\/wp-json\/wp\/v2\/tags?post=66792"}],"curies":[{"name":"wp","href":"https:\/\/api.w.org\/{rel}","templated":true}]}}