{"id":66793,"date":"2019-11-06T18:00:00","date_gmt":"2019-11-06T23:00:00","guid":{"rendered":"https:\/\/linitiative.ca\/International\/importation-des-vehicules-de-moins-de-3-ans-proposition-dextension-de-la-mesure-aux-vehicules-diesel\/"},"modified":"2019-11-06T18:00:00","modified_gmt":"2019-11-06T23:00:00","slug":"importation-des-vehicules-de-moins-de-3-ans-proposition-dextension-de-la-mesure-aux-vehicules-diesel","status":"publish","type":"post","link":"https:\/\/linitiative.ca\/International\/importation-des-vehicules-de-moins-de-3-ans-proposition-dextension-de-la-mesure-aux-vehicules-diesel\/","title":{"rendered":"Importation des v\u00e9hicules de moins de 3 ans   : Proposition d\u2019extension de la mesure aux v\u00e9hicules diesel"},"content":{"rendered":"<p>La commission des finances et du budget de l&rsquo;APN a propos\u00e9, hier, dans son rapport pr\u00e9liminaire sur le projet de loi de finances, l&rsquo;extension de la mesure relative \u00e0 l&rsquo;importation des v\u00e9hicules de moins de 3 ans aux v\u00e9hicules \u00e0 motorisation diesel. La commission propose l&rsquo;amendement de l&rsquo;article 106 du PLF, \u00e0 travers l&rsquo;extension, aux v\u00e9hicules \u00e0 motorisation diesel, Par ailleurs, le commission propose la suppression de la taxe de 6.000 DA appliqu\u00e9e \u00e0 l&rsquo;admission temporaire des v\u00e9hicules de particuliers non r\u00e9sidents et payable au niveau des services des Douanes, pr\u00e9vue dans l&rsquo;article 66. Cette proposition est justifi\u00e9e par \u00ables probl\u00e9matiques inh\u00e9rentes \u00e0 l&rsquo;application de cette mesure, notamment pour la communaut\u00e9 alg\u00e9rienne \u00e9tablie \u00e0 l&rsquo;\u00e9tranger, ainsi que par les cons\u00e9quences que pourraient avoir cette mesure au regard du principe de r\u00e9ciprocit\u00e9\u00bb.<br \/>\u00a0<\/p>\n<p>Auteur: elmoudjahid<br \/>\n<a href=\"http:\/\/www.elmoudjahid.com\/fr\/actualites\/144183\">Cliquez ici pour lire l&rsquo;article depuis sa source.<\/a><\/p>\n","protected":false},"excerpt":{"rendered":"<p>La commission des finances et du budget de l&rsquo;APN a propos\u00e9, hier, dans son rapport pr\u00e9liminaire sur le projet de loi de finances, l&rsquo;extension de la mesure relative \u00e0 l&rsquo;importation des v\u00e9hicules de moins de 3 ans aux v\u00e9hicules \u00e0 motorisation diesel. La commission propose l&rsquo;amendement de l&rsquo;article 106 du PLF, \u00e0 travers l&rsquo;extension, aux [&hellip;]<\/p>\n","protected":false},"author":1744,"featured_media":0,"comment_status":"closed","ping_status":"closed","sticky":false,"template":"","format":"standard","meta":{"fifu_image_url":"","fifu_image_alt":"","footnotes":""},"categories":[73,53],"tags":[],"class_list":["post-66793","post","type-post","status-publish","format-standard","hentry","category-actualite","category-algerie"],"_links":{"self":[{"href":"https:\/\/linitiative.ca\/International\/wp-json\/wp\/v2\/posts\/66793","targetHints":{"allow":["GET"]}}],"collection":[{"href":"https:\/\/linitiative.ca\/International\/wp-json\/wp\/v2\/posts"}],"about":[{"href":"https:\/\/linitiative.ca\/International\/wp-json\/wp\/v2\/types\/post"}],"author":[{"embeddable":true,"href":"https:\/\/linitiative.ca\/International\/wp-json\/wp\/v2\/users\/1744"}],"replies":[{"embeddable":true,"href":"https:\/\/linitiative.ca\/International\/wp-json\/wp\/v2\/comments?post=66793"}],"version-history":[{"count":0,"href":"https:\/\/linitiative.ca\/International\/wp-json\/wp\/v2\/posts\/66793\/revisions"}],"wp:attachment":[{"href":"https:\/\/linitiative.ca\/International\/wp-json\/wp\/v2\/media?parent=66793"}],"wp:term":[{"taxonomy":"category","embeddable":true,"href":"https:\/\/linitiative.ca\/International\/wp-json\/wp\/v2\/categories?post=66793"},{"taxonomy":"post_tag","embeddable":true,"href":"https:\/\/linitiative.ca\/International\/wp-json\/wp\/v2\/tags?post=66793"}],"curies":[{"name":"wp","href":"https:\/\/api.w.org\/{rel}","templated":true}]}}