{"id":66800,"date":"2019-11-07T15:15:54","date_gmt":"2019-11-07T20:15:54","guid":{"rendered":"https:\/\/linitiative.ca\/International\/international-as-monaco-bonne-nouvelle-pour-slimani\/"},"modified":"2019-11-07T15:15:54","modified_gmt":"2019-11-07T20:15:54","slug":"international-as-monaco-bonne-nouvelle-pour-slimani","status":"publish","type":"post","link":"https:\/\/linitiative.ca\/International\/international-as-monaco-bonne-nouvelle-pour-slimani\/","title":{"rendered":"International : AS Monaco: Bonne nouvelle pour Slimani"},"content":{"rendered":"<div readability=\"32\">\n<p>Auteur : <span class=\"time\">jeudi 07 novembre 2019 15:29<\/span><\/p>\n<\/div>\n<div id=\"post_core\" readability=\"42\">\n<p>Absent depuis deux matchs en raison d&rsquo;une blessure \u00e0 l&rsquo;adducteur, Islam Slimani devrait faire son retour \u00e0 la comp\u00e9tition ce week-end. L&rsquo;entra\u00eeneur de l&rsquo;AS Monaco, Leonardo Jardim, assure que son attaquant sera pr\u00eat physiquement pour le match de samedi (20h) contre Dijon, \u00e0 l&rsquo;occasion de la 13e journ\u00e9e de Ligue 1: \u00ab\u00a0Oui, Slimani a repris hier avec le groupe. Il s&rsquo;est entra\u00een\u00e9 aujourd&rsquo;hui. Il sera pr\u00eat pour jouer\u00a0\u00bb, a indiqu\u00e9 le coach de l&rsquo;ASM en conf\u00e9rence de presse ce jeudi. Une tr\u00e8s bonne nouvelle pour les Mon\u00e9gasques. L&rsquo;international alg\u00e9rien leur a cruellement manqu\u00e9 face \u00e0 Saint-Etienne (0-1), dimanche dernier rapporte Maxifoot.fr.<\/p>\n<p><strong>Publi\u00e9 dans :<\/strong> <span>slimani<\/span><\/p>\n<\/div>\n<p>Auteur:<br \/>\n<a href=\"http:\/\/www.lebuteur.com\/article\/detail?titre=as-monaco-bonne-nouvelle-pour-slimani&#038;id=92800&#038;utm_source=feedburner&#038;utm_medium=feed&#038;utm_campaign=Feed%3A+GalerieFArtciles+%28Les+derniers+articles++-+lebuteur.com%29\">Cliquez ici pour lire l&rsquo;article depuis sa source.<\/a><\/p>\n","protected":false},"excerpt":{"rendered":"<p>Auteur : jeudi 07 novembre 2019 15:29 Absent depuis deux matchs en raison d&rsquo;une blessure \u00e0 l&rsquo;adducteur, Islam Slimani devrait faire son retour \u00e0 la comp\u00e9tition ce week-end. L&rsquo;entra\u00eeneur de l&rsquo;AS Monaco, Leonardo Jardim, assure que son attaquant sera pr\u00eat physiquement pour le match de samedi (20h) contre Dijon, \u00e0 l&rsquo;occasion de la 13e journ\u00e9e [&hellip;]<\/p>\n","protected":false},"author":1738,"featured_media":66801,"comment_status":"closed","ping_status":"closed","sticky":false,"template":"","format":"standard","meta":{"fifu_image_url":"","fifu_image_alt":"","footnotes":""},"categories":[53,75],"tags":[],"class_list":["post-66800","post","type-post","status-publish","format-standard","has-post-thumbnail","hentry","category-algerie","category-sport"],"_links":{"self":[{"href":"https:\/\/linitiative.ca\/International\/wp-json\/wp\/v2\/posts\/66800","targetHints":{"allow":["GET"]}}],"collection":[{"href":"https:\/\/linitiative.ca\/International\/wp-json\/wp\/v2\/posts"}],"about":[{"href":"https:\/\/linitiative.ca\/International\/wp-json\/wp\/v2\/types\/post"}],"author":[{"embeddable":true,"href":"https:\/\/linitiative.ca\/International\/wp-json\/wp\/v2\/users\/1738"}],"replies":[{"embeddable":true,"href":"https:\/\/linitiative.ca\/International\/wp-json\/wp\/v2\/comments?post=66800"}],"version-history":[{"count":0,"href":"https:\/\/linitiative.ca\/International\/wp-json\/wp\/v2\/posts\/66800\/revisions"}],"wp:featuredmedia":[{"embeddable":true,"href":"https:\/\/linitiative.ca\/International\/wp-json\/"}],"wp:attachment":[{"href":"https:\/\/linitiative.ca\/International\/wp-json\/wp\/v2\/media?parent=66800"}],"wp:term":[{"taxonomy":"category","embeddable":true,"href":"https:\/\/linitiative.ca\/International\/wp-json\/wp\/v2\/categories?post=66800"},{"taxonomy":"post_tag","embeddable":true,"href":"https:\/\/linitiative.ca\/International\/wp-json\/wp\/v2\/tags?post=66800"}],"curies":[{"name":"wp","href":"https:\/\/api.w.org\/{rel}","templated":true}]}}