{"id":66802,"date":"2019-11-07T15:15:55","date_gmt":"2019-11-07T20:15:55","guid":{"rendered":"https:\/\/linitiative.ca\/International\/pros-ogc-nice-pas-de-deplacement-a-lyon-pour-atal\/"},"modified":"2019-11-07T15:15:55","modified_gmt":"2019-11-07T20:15:55","slug":"pros-ogc-nice-pas-de-deplacement-a-lyon-pour-atal","status":"publish","type":"post","link":"https:\/\/linitiative.ca\/International\/pros-ogc-nice-pas-de-deplacement-a-lyon-pour-atal\/","title":{"rendered":"Pros : OGC Nice: Pas de d\u00e9placement \u00e0 Lyon pour Atal"},"content":{"rendered":"<div readability=\"32\">\n<p>Auteur : <span class=\"time\">jeudi 07 novembre 2019 15:33<\/span><\/p>\n<\/div>\n<div id=\"post_core\" readability=\"39\">\n<p>Le lat\u00e9ral alg\u00e9rien de l&rsquo;OGC Nice, Youcef Atal sera suspendu pour le d\u00e9placement \u00e0 Lyon de la 14e journ\u00e9e de Ligue 1 Conforama. Ayant re\u00e7u face au Stade de Reims samedi dernier \u00e0 l&rsquo;Allianz Riviera (2-0, 12e journ\u00e9e) son 3e avertissement dans une p\u00e9riode comprenant 10 matchs de comp\u00e9tition officiels, l&rsquo;international alg\u00e9rien sera suspendu un match ferme, ce qu&rsquo;a annonc\u00e9 la commission de discipline de la LFP mercredi soir.<\/p>\n<p><strong>Publi\u00e9 dans :<\/strong> <span>Atal<\/span><\/p>\n<\/div>\n<p>Auteur:<br \/>\n<a href=\"http:\/\/www.lebuteur.com\/article\/detail?titre=ogc-nice-pas-de-deplacement-a-lyon-pour-atal&#038;id=92801&#038;utm_source=feedburner&#038;utm_medium=feed&#038;utm_campaign=Feed%3A+GalerieFArtciles+%28Les+derniers+articles++-+lebuteur.com%29\">Cliquez ici pour lire l&rsquo;article depuis sa source.<\/a><\/p>\n","protected":false},"excerpt":{"rendered":"<p>Auteur : jeudi 07 novembre 2019 15:33 Le lat\u00e9ral alg\u00e9rien de l&rsquo;OGC Nice, Youcef Atal sera suspendu pour le d\u00e9placement \u00e0 Lyon de la 14e journ\u00e9e de Ligue 1 Conforama. Ayant re\u00e7u face au Stade de Reims samedi dernier \u00e0 l&rsquo;Allianz Riviera (2-0, 12e journ\u00e9e) son 3e avertissement dans une p\u00e9riode comprenant 10 matchs de [&hellip;]<\/p>\n","protected":false},"author":1738,"featured_media":66803,"comment_status":"closed","ping_status":"closed","sticky":false,"template":"","format":"standard","meta":{"fifu_image_url":"","fifu_image_alt":"","footnotes":""},"categories":[53,75],"tags":[],"class_list":["post-66802","post","type-post","status-publish","format-standard","has-post-thumbnail","hentry","category-algerie","category-sport"],"_links":{"self":[{"href":"https:\/\/linitiative.ca\/International\/wp-json\/wp\/v2\/posts\/66802","targetHints":{"allow":["GET"]}}],"collection":[{"href":"https:\/\/linitiative.ca\/International\/wp-json\/wp\/v2\/posts"}],"about":[{"href":"https:\/\/linitiative.ca\/International\/wp-json\/wp\/v2\/types\/post"}],"author":[{"embeddable":true,"href":"https:\/\/linitiative.ca\/International\/wp-json\/wp\/v2\/users\/1738"}],"replies":[{"embeddable":true,"href":"https:\/\/linitiative.ca\/International\/wp-json\/wp\/v2\/comments?post=66802"}],"version-history":[{"count":0,"href":"https:\/\/linitiative.ca\/International\/wp-json\/wp\/v2\/posts\/66802\/revisions"}],"wp:featuredmedia":[{"embeddable":true,"href":"https:\/\/linitiative.ca\/International\/wp-json\/"}],"wp:attachment":[{"href":"https:\/\/linitiative.ca\/International\/wp-json\/wp\/v2\/media?parent=66802"}],"wp:term":[{"taxonomy":"category","embeddable":true,"href":"https:\/\/linitiative.ca\/International\/wp-json\/wp\/v2\/categories?post=66802"},{"taxonomy":"post_tag","embeddable":true,"href":"https:\/\/linitiative.ca\/International\/wp-json\/wp\/v2\/tags?post=66802"}],"curies":[{"name":"wp","href":"https:\/\/api.w.org\/{rel}","templated":true}]}}