{"id":66806,"date":"2019-11-07T15:15:59","date_gmt":"2019-11-07T20:15:59","guid":{"rendered":"https:\/\/linitiative.ca\/International\/pros-belaili-voila-pourquoi-jai-choisi-al-ahli\/"},"modified":"2019-11-07T15:15:59","modified_gmt":"2019-11-07T20:15:59","slug":"pros-belaili-voila-pourquoi-jai-choisi-al-ahli","status":"publish","type":"post","link":"https:\/\/linitiative.ca\/International\/pros-belaili-voila-pourquoi-jai-choisi-al-ahli\/","title":{"rendered":"Pros : Belaili : \u00abVoila pourquoi j\u2019ai choisi Al Ahli\u00bb"},"content":{"rendered":"<div readability=\"32\">\n<p>Auteur : <span>Riad O.<\/span> <span class=\"time\">jeudi 07 novembre 2019 17:31<\/span><\/p>\n<\/div>\n<div id=\"post_core\" readability=\"40\">\n<p>Youcef Belaili a indiqu\u00e9 avoir re\u00e7u plusieurs offres lors du dernier mercato estival avant de choisir le club saoudien d\u2019Al Ahli\u00a0:\u00a0\u00abL\u2019\u00e9t\u00e9 dernier, j\u2019ai re\u00e7u plusieurs offres en provenance de clubs arabes et europ\u00e9ens, dont deux offres d\u2019Arabie Saoudite \u00e0 savoir Al Ahli et Al Nassr.\u00bb a-t-il d\u00e9clar\u00e9 \u00e0 la presse saoudienne, avant d\u2019ajouter\u00a0:\u00a0\u00abJe n\u2019ai pas choisi Al Ahli pour l\u2019argent, car Al Nassr m\u2019avait fait une grosse offre aussi.\u00a0 Mais j\u2019ai choisi Al Ahli par rapport \u00e0 leur fa\u00e7on de se n\u00e9gocier avec moi, et surtout leur insistance de m\u2019avoir au sein de leur \u00e9quipe.\u00bb<\/p>\n<p><strong>Publi\u00e9 dans :<\/strong> <span>Bela\u00efli<\/span><\/p>\n<\/div>\n<p>Auteur:<br \/>\n<a href=\"http:\/\/www.lebuteur.com\/article\/detail?titre=belaili-voila-pourquoi-jai-choisi-al-ahli&#038;id=92803&#038;utm_source=feedburner&#038;utm_medium=feed&#038;utm_campaign=Feed%3A+GalerieFArtciles+%28Les+derniers+articles++-+lebuteur.com%29\">Cliquez ici pour lire l&rsquo;article depuis sa source.<\/a><\/p>\n","protected":false},"excerpt":{"rendered":"<p>Auteur : Riad O. jeudi 07 novembre 2019 17:31 Youcef Belaili a indiqu\u00e9 avoir re\u00e7u plusieurs offres lors du dernier mercato estival avant de choisir le club saoudien d\u2019Al Ahli\u00a0:\u00a0\u00abL\u2019\u00e9t\u00e9 dernier, j\u2019ai re\u00e7u plusieurs offres en provenance de clubs arabes et europ\u00e9ens, dont deux offres d\u2019Arabie Saoudite \u00e0 savoir Al Ahli et Al Nassr.\u00bb a-t-il [&hellip;]<\/p>\n","protected":false},"author":1738,"featured_media":66807,"comment_status":"closed","ping_status":"closed","sticky":false,"template":"","format":"standard","meta":{"fifu_image_url":"","fifu_image_alt":"","footnotes":""},"categories":[53,75],"tags":[],"class_list":["post-66806","post","type-post","status-publish","format-standard","has-post-thumbnail","hentry","category-algerie","category-sport"],"_links":{"self":[{"href":"https:\/\/linitiative.ca\/International\/wp-json\/wp\/v2\/posts\/66806","targetHints":{"allow":["GET"]}}],"collection":[{"href":"https:\/\/linitiative.ca\/International\/wp-json\/wp\/v2\/posts"}],"about":[{"href":"https:\/\/linitiative.ca\/International\/wp-json\/wp\/v2\/types\/post"}],"author":[{"embeddable":true,"href":"https:\/\/linitiative.ca\/International\/wp-json\/wp\/v2\/users\/1738"}],"replies":[{"embeddable":true,"href":"https:\/\/linitiative.ca\/International\/wp-json\/wp\/v2\/comments?post=66806"}],"version-history":[{"count":0,"href":"https:\/\/linitiative.ca\/International\/wp-json\/wp\/v2\/posts\/66806\/revisions"}],"wp:featuredmedia":[{"embeddable":true,"href":"https:\/\/linitiative.ca\/International\/wp-json\/"}],"wp:attachment":[{"href":"https:\/\/linitiative.ca\/International\/wp-json\/wp\/v2\/media?parent=66806"}],"wp:term":[{"taxonomy":"category","embeddable":true,"href":"https:\/\/linitiative.ca\/International\/wp-json\/wp\/v2\/categories?post=66806"},{"taxonomy":"post_tag","embeddable":true,"href":"https:\/\/linitiative.ca\/International\/wp-json\/wp\/v2\/tags?post=66806"}],"curies":[{"name":"wp","href":"https:\/\/api.w.org\/{rel}","templated":true}]}}