{"id":66810,"date":"2019-11-07T09:47:12","date_gmt":"2019-11-07T14:47:12","guid":{"rendered":"https:\/\/linitiative.ca\/International\/97101-sport-ouverture-de-quatre-ecoles-de-judo-a-oran-dans-le-cadre-de-l-academie-lancee-par-le-coa-et-la-fij\/"},"modified":"2019-11-07T09:47:12","modified_gmt":"2019-11-07T14:47:12","slug":"97101-sport-ouverture-de-quatre-ecoles-de-judo-a-oran-dans-le-cadre-de-l-academie-lancee-par-le-coa-et-la-fij","status":"publish","type":"post","link":"https:\/\/linitiative.ca\/International\/97101-sport-ouverture-de-quatre-ecoles-de-judo-a-oran-dans-le-cadre-de-l-academie-lancee-par-le-coa-et-la-fij\/","title":{"rendered":"Quatre nouvelles \u00e9coles de judo \u00e0 Oran dans le cadre de l\u2019Acad\u00e9mie lanc\u00e9e par le COA et la FIJ"},"content":{"rendered":"<div readability=\"36\">\n<p><strong>ORAN\u2013 Quatre \u00e9coles de judo ont \u00e9t\u00e9 ouvertes jeudi au niveau de quatre \u00e9tablissements du primaire de la ville d&rsquo;Oran, dans le cadre d\u2019une Acad\u00e9mie nationale de la discipline lanc\u00e9e en Alg\u00e9rie en janvier pass\u00e9 par le Comit\u00e9 olympique et sportif alg\u00e9rien (COA) en collaboration avec la F\u00e9d\u00e9ration internationale de judo (FIJ).<\/strong><\/p>\n<\/div>\n<div readability=\"105\">\n<p>La c\u00e9r\u00e9monie symbolique de l\u2019ouverture des quatre \u00e9coles en question s\u2019est d\u00e9roul\u00e9e au niveau de l&rsquo;\u00e9cole primaire \u00ab\u00a0Commandant Ferradj\u00a0\u00bb au centre-ville d\u2019Oran, en pr\u00e9sence du wali d\u2019Oran, Abdelkader Djellaoui et du pr\u00e9sident du Comit\u00e9 olympique et sportif alg\u00e9rien, Mustapha Berraf, \u00e9galement pr\u00e9sident de l\u2019Association des Comit\u00e9s olympiques africains.<\/p>\n<p>\u00ab\u00a0L\u2019objectif de la mise en place de ces \u00e9coles est la promotion de la discipline du judo au sein des \u00e9tablissements scolaires du pays, o\u00f9 sont retenues pour l\u2019entame 5 wilayas pilotes avec 4 \u00e9coles primaires chacune qui seront bien prises en charge\u00a0\u00bb, a d\u00e9clar\u00e9 Berraf \u00e0 l\u2019APS.<\/p>\n<p>Les 5 wilayas cibl\u00e9es pour cette premi\u00e8re ann\u00e9e sont celles d\u2019Alger, Tizi-Ouzou, B\u00e9jaia, Constantine et Oran. Cette exp\u00e9rience conna\u00eetra une extension progressive \u00e0 travers tout le territoire national, selon le m\u00eame responsable, pr\u00e9cisant que le contenu p\u00e9dagogique et sportif de la pr\u00e9paration des \u00e9coliers est inspir\u00e9 d\u2019un programme \u00e9tabli par la F\u00e9d\u00e9ration internationale de judo intitul\u00e9 \u00ab\u00a0Le judo dans les \u00e9coles\u00a0\u00bb.<\/p>\n<p>L\u2019ancienne championne alg\u00e9rienne et m\u00e9daill\u00e9e olympique, Soraya Haddad a \u00e9t\u00e9 d\u00e9sign\u00e9e coordinatrice g\u00e9n\u00e9rale de ce projet, rappelle-t-on.<\/p>\n<p>Mustapha Berraf a \u00e9galement fait savoir que la FIJ a choisi l\u2019Alg\u00e9rie comme premier pays au niveau continental et r\u00e9gional \u00e0 mettre en place cette acad\u00e9mie de judo, comme elle l\u2019a inscrite parmi les plus grandes nations du judo pour lancer ce type de projet, comme elle l\u2019avait fait aux USA, en France, au Japon et en Hongrie.<\/p>\n<p>Dans le cadre de ce projet, chaque \u00e9cole sera prise en charge par un entra\u00eeneur qualifi\u00e9 et sera \u00e9quip\u00e9e d\u2019un tatami et une dotation de kimonos pour la pratique de la discipline de la part du Comit\u00e9 olympique et sportif alg\u00e9rien.<\/p>\n<p>Pour la wilaya d\u2019Oran, les quatre \u00e9coles primaires retenues sont implant\u00e9es dans des quartiers populaires, un choix qui n\u2019est pas fortuit, selon le repr\u00e9sentant de la direction locale de l\u2019\u00e9ducation, le motivant\u00a0par \u00ab\u00a0l\u2019engouement des jeunes des quartiers populaires pour cette discipline\u00a0\u00bb.<\/p>\n<p>Lors de sa visite Oran, Mustapha Berraf s\u2019est entretenu avec les membres du Comit\u00e9 d\u2019organisation des Jeux m\u00e9diterran\u00e9ens pr\u00e9vus en 2021 dans cette ville. Une occasion pour lui, a-t-il dit, pour inciter les concern\u00e9s \u00e0 redoubler les efforts pour la r\u00e9ussite de ces jeux.<\/p>\n<p>\u00ab\u00a0J\u2019ai aussi rassur\u00e9 tout le monde du soutien du Comit\u00e9 olympique et sportif alg\u00e9rien, tout en mettant en exergue l\u2019apport des pouvoirs publics, notamment apr\u00e8s la mise en place d\u2019une commission interminist\u00e9rielle sur initiative du Premier ministre Noureddine Bedoui, laquelle commission a\u00a0pris en charge le dossier des infrastructures sportives en cours de r\u00e9alisation \u00e0 Oran, parvenant \u00e0 y lever plusieurs contraintes ce qui pousse \u00e0 pr\u00e9dire qu\u2019elles seront d\u00e9sormais r\u00e9ceptionn\u00e9es dans les d\u00e9lais fix\u00e9s\u00a0\u00bb, s\u2019est-il r\u00e9joui.<\/p>\n<p>Il a, en outre, appel\u00e9 les diff\u00e9rentes instances sportives \u00e0 r\u00e9gler leurs divergences dans un cadre organis\u00e9 \u00ab\u00a0pour le bien du sport alg\u00e9rien\u00a0\u00bb.<\/p>\n<\/div>\n<p>Auteur:<br \/>\n<a href=\"http:\/\/www.aps.dz\/sport\/97101-sport-ouverture-de-quatre-ecoles-de-judo-a-oran-dans-le-cadre-de-l-academie-lancee-par-le-coa-et-la-fij?utm_source=feedburner&#038;utm_medium=feed&#038;utm_campaign=Feed%3A+aps-sport+%28APS+-+SPORT%29\">Cliquez ici pour lire l&rsquo;article depuis sa source.<\/a><\/p>\n","protected":false},"excerpt":{"rendered":"<p>ORAN\u2013 Quatre \u00e9coles de judo ont \u00e9t\u00e9 ouvertes jeudi au niveau de quatre \u00e9tablissements du primaire de la ville d&rsquo;Oran, dans le cadre d\u2019une Acad\u00e9mie nationale de la discipline lanc\u00e9e en Alg\u00e9rie en janvier pass\u00e9 par le Comit\u00e9 olympique et sportif alg\u00e9rien (COA) en collaboration avec la F\u00e9d\u00e9ration internationale de judo (FIJ). La c\u00e9r\u00e9monie symbolique [&hellip;]<\/p>\n","protected":false},"author":1790,"featured_media":0,"comment_status":"closed","ping_status":"closed","sticky":false,"template":"","format":"standard","meta":{"fifu_image_url":"","fifu_image_alt":"","footnotes":""},"categories":[53,75],"tags":[],"class_list":["post-66810","post","type-post","status-publish","format-standard","hentry","category-algerie","category-sport"],"_links":{"self":[{"href":"https:\/\/linitiative.ca\/International\/wp-json\/wp\/v2\/posts\/66810","targetHints":{"allow":["GET"]}}],"collection":[{"href":"https:\/\/linitiative.ca\/International\/wp-json\/wp\/v2\/posts"}],"about":[{"href":"https:\/\/linitiative.ca\/International\/wp-json\/wp\/v2\/types\/post"}],"author":[{"embeddable":true,"href":"https:\/\/linitiative.ca\/International\/wp-json\/wp\/v2\/users\/1790"}],"replies":[{"embeddable":true,"href":"https:\/\/linitiative.ca\/International\/wp-json\/wp\/v2\/comments?post=66810"}],"version-history":[{"count":0,"href":"https:\/\/linitiative.ca\/International\/wp-json\/wp\/v2\/posts\/66810\/revisions"}],"wp:attachment":[{"href":"https:\/\/linitiative.ca\/International\/wp-json\/wp\/v2\/media?parent=66810"}],"wp:term":[{"taxonomy":"category","embeddable":true,"href":"https:\/\/linitiative.ca\/International\/wp-json\/wp\/v2\/categories?post=66810"},{"taxonomy":"post_tag","embeddable":true,"href":"https:\/\/linitiative.ca\/International\/wp-json\/wp\/v2\/tags?post=66810"}],"curies":[{"name":"wp","href":"https:\/\/api.w.org\/{rel}","templated":true}]}}