{"id":66817,"date":"2019-11-07T04:25:58","date_gmt":"2019-11-07T09:25:58","guid":{"rendered":"https:\/\/linitiative.ca\/International\/brutal-reveil-des-magistrats-apres-dix-jours-darret-de-travail-les-lourds-dommages-collateraux-de-la-greve\/"},"modified":"2019-11-07T04:25:58","modified_gmt":"2019-11-07T09:25:58","slug":"brutal-reveil-des-magistrats-apres-dix-jours-darret-de-travail-les-lourds-dommages-collateraux-de-la-greve","status":"publish","type":"post","link":"https:\/\/linitiative.ca\/International\/brutal-reveil-des-magistrats-apres-dix-jours-darret-de-travail-les-lourds-dommages-collateraux-de-la-greve\/","title":{"rendered":"Brutal r\u00e9veil des magistrats apr\u00e8s dix jours d\u2019arr\u00eat de travail : Les lourds dommages collat\u00e9raux de la gr\u00e8ve"},"content":{"rendered":"<h4 class=\"title-14\"\/>\n<div class=\"featured_image\"><img width=\"800\" height=\"548\" data-cfsrc=\"https:\/\/www.elwatan.com\/wp-content\/uploads\/2019\/11\/Juges-une.jpg\" class=\"attachment-post-thumbnail size-post-thumbnail wp-post-image c2\" alt=\"\" srcset=\"https:\/\/www.elwatan.com\/wp-content\/uploads\/2019\/11\/Juges-une.jpg 800w, https:\/\/www.elwatan.com\/wp-content\/uploads\/2019\/11\/Juges-une-300x206.jpg 300w, https:\/\/www.elwatan.com\/wp-content\/uploads\/2019\/11\/Juges-une-768x526.jpg 768w\" sizes=\"(max-width: 800px) 100vw, 800px\"\/><noscript><\/p>\n<p><img loading=\"lazy\" decoding=\"async\" width=\"800\" height=\"548\" src=\"https:\/\/www.elwatan.com\/wp-content\/uploads\/2019\/11\/Juges-une.jpg\" class=\"attachment-post-thumbnail size-post-thumbnail wp-post-image\" alt=\"\" srcset=\"https:\/\/www.elwatan.com\/wp-content\/uploads\/2019\/11\/Juges-une.jpg 800w, https:\/\/www.elwatan.com\/wp-content\/uploads\/2019\/11\/Juges-une-300x206.jpg 300w, https:\/\/www.elwatan.com\/wp-content\/uploads\/2019\/11\/Juges-une-768x526.jpg 768w\" sizes=\"auto, (max-width: 800px) 100vw, 800px\"\/><\/p>\n<p><\/noscript> <span class=\"featured-image-caption\">Sit-in de protestation des magistrats devant la Cour supr\u00eame. Photo Sami K. El Watan<\/span><\/div>\n<p class=\"p1\"><span class=\"s1\"><strong>Q<\/strong><\/span><span class=\"s2\">uel bilan le Syndicat national des magistrats (SNM) va-t-il faire de sa premi\u00e8re gr\u00e8ve dans l\u2019histoire du pays, qui a paralys\u00e9 durant dix jours l\u2019appareil judiciaire\u00a0? A quel prix a-t-il arrach\u00e9 l\u2019accord avec la chancellerie ?<\/span><\/p>\n<p class=\"p1\"><span class=\"s2\">En attendant d\u2019avoir des r\u00e9ponses, il y a une r\u00e9alit\u00e9 tr\u00e8s dure \u00e0 relever. Au-del\u00e0 des acquis socioprofessionnels qu\u2019elle a permis d\u2019arracher, la gr\u00e8ve a provoqu\u00e9 une fracture au sein de la corporation des magistrats, perceptible d\u00e8s le retour de ces derniers aux tribunaux et aux cours. Le malaise est encore plus criant, la d\u00e9mobilisation plus \u00e9largie et l\u2019autorit\u00e9 du juge entach\u00e9e.<\/span><\/p>\n<p class=\"p1\"><span class=\"s2\">Hier, il \u00e9tait difficile pour bon nombre d\u2019entre eux de reprendre leur travail comme si de rien n\u2019\u00e9tait. Le moral au plus bas, ils ne donnent pas l\u2019impression d\u2019avoir gagn\u00e9 la bataille, mais plut\u00f4t de l\u2019avoir perdue. Certains ont du mal \u00e0 accepter la notification de leur nouveau poste de la main du procureur g\u00e9n\u00e9ral ou du pr\u00e9sident de la cour, leurs adversaires d\u2019hier, et d\u2019autres peinent \u00e0 rejoindre les juridictions dans lesquelles ils ont \u00e9t\u00e9 mut\u00e9s.<\/span><\/p>\n<p class=\"p2\"><span class=\"s2\">Les premi\u00e8res audiences d\u2019hier se sont d\u00e9roul\u00e9es dans une ambiance tr\u00e8s tendue. L\u2019accumulation des dossiers \u00e0 juger et les renvois r\u00e9p\u00e9t\u00e9s des proc\u00e8s de d\u00e9tenus durant la semaine \u00e9coul\u00e9e ont suscit\u00e9 plus de col\u00e8re que de compr\u00e9hension chez les justiciables. Ces derniers ne comprenaient pas pourquoi les d\u00e9tenus sont ramen\u00e9s puis renvoy\u00e9s en prison, faute de magistrat, durant une semaine, prolongeant ainsi leur d\u00e9tention. Ils se sentent otages d\u2019un conflit qui, selon eux, ne les concerne pas. Plus d\u00e9l\u00e9t\u00e8re qu\u2019avant la gr\u00e8ve, le climat de travail n\u2019est plus serein pour beaucoup de magistrats. Dans les juridictions marqu\u00e9es par des confrontations entre gr\u00e9vistes et non-gr\u00e9vistes, les rapports entre les pairs sont au plus bas. Si dans leur majorit\u00e9, les magistrats ont respect\u00e9 l\u2019appel \u00e0 la reprise lanc\u00e9 par le SNM, d\u2019autres, \u00e0 Oran, Tlemcen, Annaba et dans quelques tribunaux \u00e0 B\u00e9ja\u00efa et \u00e0 Boumerd\u00e8s ont refus\u00e9 de se faire notifier leur mutation.<\/span><\/p>\n<p class=\"p2\"><span class=\"s2\">I<\/span><span class=\"s2\">ls se sont d\u00e9clar\u00e9s carr\u00e9ment contre l\u2019accord obtenu par le SNM et la fin de la gr\u00e8ve. Pour eux, le bureau ex\u00e9cutif <em>\u00abn\u2019a pas consult\u00e9 la base\u00bb<\/em> pour prendre une telle d\u00e9cision. Certains membres du conseil national ont d\u00e9clar\u00e9 n\u2019avoir pas \u00e9t\u00e9 contact\u00e9s ni re\u00e7u l\u2019accord en question. Pourtant, le bureau ex\u00e9cutif a, dans son dernier communiqu\u00e9, affirm\u00e9 que les r\u00e9sultats obtenus ont \u00e9t\u00e9 valid\u00e9s par 52 membres du conseil national sur 62, pr\u00e9cisant que quatre membres seulement ont \u00e9mis des r\u00e9serves et six autres s\u2019y sont oppos\u00e9s.<\/span><\/p>\n<p class=\"p2\"><span class=\"s2\">La premi\u00e8re d\u00e9fection est venue d\u2019une jeune juge, Heda Touam, membre du conseil, qui dans une longue lettre rendue publique sur les r\u00e9seaux sociaux a annonc\u00e9 sa d\u00e9mission de cette instance syndicale, le jour m\u00eame de la signature de l\u2019accord, soit le 4 novembre. Il faut dire qu\u2019apr\u00e8s la gr\u00e8ve, les magistrats sortent plus affaiblis qu\u2019avant et le grave d\u00e9rapage qui a eu lieu \u00e0 l\u2019int\u00e9rieur de la cour d\u2019Oran, et dont les images ont fait le tour des r\u00e9seaux sociaux, n\u2019a fait que casser cette \u00abautorit\u00e9\u00bb et surtout cette \u00abimmunit\u00e9\u00bb conf\u00e9r\u00e9es par la loi aux juges. Revenir \u00e0 des relations normales avec le procureur g\u00e9n\u00e9ral et surtout les gendarmes qui sont g\u00e9n\u00e9ralement sous le contr\u00f4le des magistrats, rel\u00e8ve de l\u2019impossible pour beaucoup de juges ayant \u00e9t\u00e9 violent\u00e9s dans l\u2019enceinte m\u00eame de la cour d\u2019Oran, en cette journ\u00e9e de dimanche 3 novembre.<\/span><\/p>\n<p class=\"p2\"><span class=\"s2\">M\u00eame si elle a permis le r\u00e9examen des mutations et la mise en application de l\u2019accord salarial obtenu il y a six mois, tel que r\u00e9clam\u00e9 par le SNM dans son premier communiqu\u00e9 du 26 octobre dernier, la gr\u00e8ve a caus\u00e9 de lourds dommages collat\u00e9raux. Elle a non seulement envenim\u00e9 les relations de travail entre gr\u00e9vistes et non-gr\u00e9vistes, mais aussi avec les auxiliaires de justice, parmi lesquels les avocats, dont la solidarit\u00e9 \u00e9tait tr\u00e8s timide, mais aussi les justiciables. A-t-on mesur\u00e9 l\u2019ampleur d\u2019une telle action, de surcro\u00eet, ill\u00e9gale au vu de la loi, dans un secteur aussi sensible que la justice\u00a0? La r\u00e9ponse est venue du pr\u00e9sident du SNM, Mabrouk Issaad, lors du rassemblement de protestation de lundi dernier \u00e0 la Cour supr\u00eame. <em>\u00abNous savons que la gr\u00e8ve est ill\u00e9gale. Nous avons men\u00e9 un mouvement de protestation contre un fait accompli. Le mouvement dans les rangs des magistrats n\u2019est pas la principale revendication. C\u2019est la goutte qui a fait d\u00e9border le vase\u00bb<\/em>, a-t-il d\u00e9clar\u00e9 \u00e0 la presse.<\/span><\/p>\n<p class=\"p2\"><span class=\"s2\">Pourtant, l\u2019accord, arrach\u00e9 apr\u00e8s huit jours d\u2019arr\u00eat de travail, porte essentiellement sur le r\u00e9examen des mutations par le bureau permanent du Conseil sup\u00e9rieur de la magistrature (CSM), et l\u2019application de l\u2019accord salarial obtenu il y a six mois, \u00e0 partir de d\u00e9cembre 2019, avec effet r\u00e9troactif depuis janvier de l\u2019ann\u00e9e en cours. Pour beaucoup de magistrats, le r\u00e9veil apr\u00e8s la gr\u00e8ve des dix jours est tr\u00e8s dur. <em>\u00abIls reprennent plus affaiblis qu\u2019avant\u00bb<\/em>, conclut un membre du bureau ex\u00e9cutif du SNM sous le sceau de l\u2019anonymat. <span class=\"Apple-converted-space\">\u00a0 \u00a0 \u00a0 \u00a0 \u00a0 \u00a0 \u00a0 \u00a0 \u00a0 \u00a0\u00a0<\/span><\/span><\/p>\n<p><span class=\"post-views-label\">Post Views:<\/span> <span class=\"post-views-count\">4\u00a0306<\/span><\/p>\n<p><br class=\"c4\"\/><\/p>\n<p>Auteur: Hicham Chouadria<br \/>\n<a href=\"https:\/\/www.elwatan.com\/edition\/actualite\/brutal-reveil-des-magistrats-apres-dix-jours-darret-de-travail-les-lourds-dommages-collateraux-de-la-greve-07-11-2019\">Cliquez ici pour lire l&rsquo;article depuis sa source.<\/a><\/p>\n","protected":false},"excerpt":{"rendered":"<p>Sit-in de protestation des magistrats devant la Cour supr\u00eame. Photo Sami K. El Watan Quel bilan le Syndicat national des magistrats (SNM) va-t-il faire de sa premi\u00e8re gr\u00e8ve dans l\u2019histoire du pays, qui a paralys\u00e9 durant dix jours l\u2019appareil judiciaire\u00a0? A quel prix a-t-il arrach\u00e9 l\u2019accord avec la chancellerie ? En attendant d\u2019avoir des r\u00e9ponses, [&hellip;]<\/p>\n","protected":false},"author":1743,"featured_media":66818,"comment_status":"closed","ping_status":"closed","sticky":false,"template":"","format":"standard","meta":{"fifu_image_url":"","fifu_image_alt":"","footnotes":""},"categories":[73,53],"tags":[],"class_list":["post-66817","post","type-post","status-publish","format-standard","has-post-thumbnail","hentry","category-actualite","category-algerie"],"_links":{"self":[{"href":"https:\/\/linitiative.ca\/International\/wp-json\/wp\/v2\/posts\/66817","targetHints":{"allow":["GET"]}}],"collection":[{"href":"https:\/\/linitiative.ca\/International\/wp-json\/wp\/v2\/posts"}],"about":[{"href":"https:\/\/linitiative.ca\/International\/wp-json\/wp\/v2\/types\/post"}],"author":[{"embeddable":true,"href":"https:\/\/linitiative.ca\/International\/wp-json\/wp\/v2\/users\/1743"}],"replies":[{"embeddable":true,"href":"https:\/\/linitiative.ca\/International\/wp-json\/wp\/v2\/comments?post=66817"}],"version-history":[{"count":0,"href":"https:\/\/linitiative.ca\/International\/wp-json\/wp\/v2\/posts\/66817\/revisions"}],"wp:featuredmedia":[{"embeddable":true,"href":"https:\/\/linitiative.ca\/International\/wp-json\/"}],"wp:attachment":[{"href":"https:\/\/linitiative.ca\/International\/wp-json\/wp\/v2\/media?parent=66817"}],"wp:term":[{"taxonomy":"category","embeddable":true,"href":"https:\/\/linitiative.ca\/International\/wp-json\/wp\/v2\/categories?post=66817"},{"taxonomy":"post_tag","embeddable":true,"href":"https:\/\/linitiative.ca\/International\/wp-json\/wp\/v2\/tags?post=66817"}],"curies":[{"name":"wp","href":"https:\/\/api.w.org\/{rel}","templated":true}]}}