{"id":66819,"date":"2019-11-07T04:26:36","date_gmt":"2019-11-07T09:26:36","guid":{"rendered":"https:\/\/linitiative.ca\/International\/un-gouvernement-en-manque-de-legitimite-face-a-des-defis-strategiques\/"},"modified":"2019-11-07T04:26:36","modified_gmt":"2019-11-07T09:26:36","slug":"un-gouvernement-en-manque-de-legitimite-face-a-des-defis-strategiques","status":"publish","type":"post","link":"https:\/\/linitiative.ca\/International\/un-gouvernement-en-manque-de-legitimite-face-a-des-defis-strategiques\/","title":{"rendered":"Un gouvernement en manque de l\u00e9gitimit\u00e9 face \u00e0 des d\u00e9fis strat\u00e9giques"},"content":{"rendered":"<h4 class=\"title-14\"\/>\n<p class=\"p1\"><span class=\"s1\"><strong>L<\/strong><\/span><span class=\"s2\">\u2019Alg\u00e9rie est bien enfonc\u00e9e dans la crise. Le d\u00e9ficit budg\u00e9taire a atteint des proportions<span class=\"Apple-converted-space\">\u00a0<\/span> tr\u00e8s importantes, plus de 20 milliards de dollars, selon les d\u00e9clarations du ministre des Finances, Mohamed Loukal, qui a pr\u00e9sent\u00e9 hier le projet de loi de finances 2020.<\/span><\/p>\n<p class=\"p1\"><span class=\"s2\">Et au rythme o\u00f9 vont les choses, la fonte des r\u00e9serves de change ira plus vite que pr\u00e9vu. Elles seront totalement \u00e9puis\u00e9es \u00e0 la fin de l\u2019ann\u00e9e 2021. Peut-\u00eatre plus t\u00f4t. D\u2019o\u00f9 le gouvernement va chercher de l\u2019argent pour combler l\u2019\u00e9norme trou budg\u00e9taire, qui pourra se creuser encore plus, si les cours du p\u00e9trole n\u2019\u00e9voluent pas positivement sur les march\u00e9s internationaux\u00a0?<\/span><\/p>\n<p class=\"p1\"><span class=\"s2\">Le PLF-2020 n\u2019exclut ni le recours encore \u00e0 l\u2019usage de la planche \u00e0 billets ni le retour \u00e0 l\u2019endettement ext\u00e9rieur. Les deux pourraient donc \u00eatre actionn\u00e9s en m\u00eame temps. Pas seulement. Le gouvernement de Nourreddine Bedoui,<span class=\"Apple-converted-space\">\u00a0<\/span> cens\u00e9 g\u00e9rer les affaires courantes en attendant de trouver une<span class=\"Apple-converted-space\">\u00a0<\/span> issue \u00e0 la crise politique tr\u00e8s complexe qui secoue le pays, engage l\u2019Alg\u00e9rie dans des choix \u00e9conomiques tr\u00e8s d\u00e9licats en optant pour une d\u00e9valuation d\u00e9guis\u00e9e du dinar pour les trois prochaines ann\u00e9es. En effet, le PLF-2020 pr\u00e9voit un taux de change de 123 DA pour un dollar en 2020, 128 DA l\u2019ann\u00e9e suivante et 133 DA en 2021.<\/span><\/p>\n<p class=\"p1\"><span class=\"s2\">Ce qui \u00e9tonne aussi dans l\u2019expos\u00e9 de Mohamed Loukal, c\u2019est sa mani\u00e8re de se projeter dans l\u2019avenir quand il parle de l\u2019urgence de lancer des r\u00e9formes \u00e9conomiques, et m\u00eame de la cr\u00e9ation de 2 millions d\u2019emplois en 2020. S\u2019il ne dit pas comment cela est possible dans une \u00e9conomie totalement en panne avec des centaines, sinon des milliers d\u2019entreprises, qui ont ferm\u00e9, et des dizaines de milliers d\u2019emplois perdus depuis au moins une ann\u00e9e, n\u2019explique pas \u00e9galement o\u00f9 ira-t-il chercher la l\u00e9gitimit\u00e9 qu\u2019il faut pour faire accepter, par le peuple, <em>\u00ables r\u00e9formes structurelles\u00bb<\/em> dont a besoin l\u2019\u00e9conomie nationale\u00a0? Le gouvernement de Nourreddine Bedoui est dans une v\u00e9ritable strat\u00e9gie de fuite en avant et de passage en force de projets et de d\u00e9cisions dont il aurait pu faire l\u2019\u00e9conomie en les laissant \u00e0 l\u2019\u00e9quipe qui va lui succ\u00e9der, mieux outill\u00e9e en comp\u00e9tences et ayant le b\u00e9n\u00e9fice de l\u2019assentiment populaire. Il est d\u2019ailleurs le seul \u00e0 voir l\u2019extr\u00eame urgence de promulguer une nouvelle loi sur les hydrocarbures, malgr\u00e9 un consensus national bien visible sur l\u2019inopportunit\u00e9<span class=\"Apple-converted-space\">\u00a0<\/span> d\u2019une telle d\u00e9cision.<\/span><\/p>\n<p class=\"p1\"><span class=\"s2\">Il y a m\u00eame une sorte d\u2019unanimit\u00e9 contre le fait de toucher \u00e0 des questions<span class=\"Apple-converted-space\">\u00a0<\/span> vitales et strat\u00e9giques<span class=\"Apple-converted-space\">\u00a0<\/span> qui engagent l\u2019avenir des futures g\u00e9n\u00e9rations. Mais le gouvernement n\u2019est apparemment pas de cet avis et semble bien agir en dehors des r\u00e8gles que fixe la Constitution dont il est visiblement peu soucieux de respecter. Il vient, en effet, de d\u00e9finir,<span class=\"Apple-converted-space\">\u00a0<\/span> par d\u00e9cret ex\u00e9cutif, les missions du<span class=\"Apple-converted-space\">\u00a0<\/span> Commissariat aux \u00e9nergies renouvelables et \u00e0 l\u2019efficacit\u00e9 \u00e9nerg\u00e9tique, cr\u00e9\u00e9 aupr\u00e8s du Premier ministre en octobre dernier. Il a bien de la suite dans les id\u00e9es Nouredine Bedoui\u00a0!<\/span><\/p>\n<p class=\"p1\"><span class=\"s2\">Les attributions qu\u2019il accorde \u00e0 ce Commissariat sont<span class=\"Apple-converted-space\">\u00a0<\/span> incroyables, au point de se demander l\u2019utilit\u00e9 de l\u2019existence du minist\u00e8re de l\u2019Environnement et des Energies renouvelables<em>. \u00abCet<span class=\"Apple-converted-space\">\u00a0<\/span> organe de conception de la strat\u00e9gie nationale de d\u00e9veloppement des \u00e9nergies renouvelables et de l\u2019efficacit\u00e9 \u00e9nerg\u00e9tique, et un instrument d\u2019aide \u00e0 la mise en \u0153uvre et \u00e0 l\u2019\u00e9valuation de la politique <span class=\"Apple-converted-space\">\u00a0<\/span> nationale, dans le domaine des \u00e9nergies renouvelables et de l\u2019efficacit\u00e9 \u00e9nerg\u00e9tique\u00bb,<\/em> selon le d\u00e9cret sign\u00e9 par le Premier ministre.<span class=\"Apple-converted-space\">\u00a0<\/span> A quoi joue donc le gouvernement dans la complexit\u00e9 de la crise politique qui secoue le pays et dont on n\u2019entrevoit pas l\u2019issue, du moins pour le moment\u00a0? S\u2019ent\u00eater \u00e0 forcer le passage \u00e0 des d\u00e9cisions et des projets rejet\u00e9s par les Alg\u00e9riens n\u2019est pas le meilleur moyen de d\u00e9passer la complexit\u00e9 de la crise. Il la complique davantage.<span class=\"Apple-converted-space\">\u00a0<\/span><\/span><\/p>\n<p><span class=\"post-views-label\">Post Views:<\/span> <span class=\"post-views-count\">476<\/span><\/p>\n<p><br class=\"c4\"\/><\/p>\n<p>Auteur: Hicham Chouadria<br \/>\n<a href=\"https:\/\/www.elwatan.com\/edition\/actualite\/un-gouvernement-en-manque-de-legitimite-face-a-des-defis-strategiques-07-11-2019\">Cliquez ici pour lire l&rsquo;article depuis sa source.<\/a><\/p>\n","protected":false},"excerpt":{"rendered":"<p>L\u2019Alg\u00e9rie est bien enfonc\u00e9e dans la crise. Le d\u00e9ficit budg\u00e9taire a atteint des proportions\u00a0 tr\u00e8s importantes, plus de 20 milliards de dollars, selon les d\u00e9clarations du ministre des Finances, Mohamed Loukal, qui a pr\u00e9sent\u00e9 hier le projet de loi de finances 2020. Et au rythme o\u00f9 vont les choses, la fonte des r\u00e9serves de change [&hellip;]<\/p>\n","protected":false},"author":1743,"featured_media":0,"comment_status":"closed","ping_status":"closed","sticky":false,"template":"","format":"standard","meta":{"fifu_image_url":"","fifu_image_alt":"","footnotes":""},"categories":[73,53],"tags":[],"class_list":["post-66819","post","type-post","status-publish","format-standard","hentry","category-actualite","category-algerie"],"_links":{"self":[{"href":"https:\/\/linitiative.ca\/International\/wp-json\/wp\/v2\/posts\/66819","targetHints":{"allow":["GET"]}}],"collection":[{"href":"https:\/\/linitiative.ca\/International\/wp-json\/wp\/v2\/posts"}],"about":[{"href":"https:\/\/linitiative.ca\/International\/wp-json\/wp\/v2\/types\/post"}],"author":[{"embeddable":true,"href":"https:\/\/linitiative.ca\/International\/wp-json\/wp\/v2\/users\/1743"}],"replies":[{"embeddable":true,"href":"https:\/\/linitiative.ca\/International\/wp-json\/wp\/v2\/comments?post=66819"}],"version-history":[{"count":0,"href":"https:\/\/linitiative.ca\/International\/wp-json\/wp\/v2\/posts\/66819\/revisions"}],"wp:attachment":[{"href":"https:\/\/linitiative.ca\/International\/wp-json\/wp\/v2\/media?parent=66819"}],"wp:term":[{"taxonomy":"category","embeddable":true,"href":"https:\/\/linitiative.ca\/International\/wp-json\/wp\/v2\/categories?post=66819"},{"taxonomy":"post_tag","embeddable":true,"href":"https:\/\/linitiative.ca\/International\/wp-json\/wp\/v2\/tags?post=66819"}],"curies":[{"name":"wp","href":"https:\/\/api.w.org\/{rel}","templated":true}]}}