{"id":66824,"date":"2019-11-07T09:20:00","date_gmt":"2019-11-07T14:20:00","guid":{"rendered":"https:\/\/linitiative.ca\/International\/le-malaise-des-jeunes-medecins-une-plaie-ouverte-qui-ne-trouve-pas-medecin\/"},"modified":"2019-11-07T09:20:00","modified_gmt":"2019-11-07T14:20:00","slug":"le-malaise-des-jeunes-medecins-une-plaie-ouverte-qui-ne-trouve-pas-medecin","status":"publish","type":"post","link":"https:\/\/linitiative.ca\/International\/le-malaise-des-jeunes-medecins-une-plaie-ouverte-qui-ne-trouve-pas-medecin\/","title":{"rendered":"Le malaise des jeunes m\u00e9decins : une plaie ouverte qui ne trouve pas m\u00e9decin"},"content":{"rendered":"<p>De nos jours nous vivons au rythme des actions de protestation de nos jeunes m\u00e9decins en formation contre ce qu&rsquo;ils consid\u00e8rent comme un abus de pouvoir et une atteinte \u00e0 la libert\u00e9 d&rsquo;expression subite par un de leurs confr\u00e8res.<\/p>\n<p>En effet l&rsquo;instance acad\u00e9mique de la facult\u00e9 de m\u00e9decine de Tunis n&rsquo;y est pas all\u00e9e de main morte pour sanctionner l&rsquo;auteur d&rsquo;une publication sulfureuse sur un groupe ferm\u00e9 sur Facebook qui regroupe les \u00e9tudiants de la facult\u00e9 de m\u00e9decine de Tunis.<\/p>\n<p>Je ne vais pas rentrer dans les d\u00e9tails de l&rsquo;affaire en question, mais ce qui m&rsquo;a surpris et \u00e9tonn\u00e9 c&rsquo;est le manque de communication entre les \u00e9tudiants et le cadre enseignant, le manque de respect de certains envers leurs ma\u00eetres et la rigidit\u00e9 de l&rsquo;administration et du conseil de discipline de la facult\u00e9 qui n&rsquo;a pas h\u00e9sit\u00e9 \u00e0 punir s\u00e9v\u00e8rement une publication Fb comme s&rsquo;il fallait faire un exemple ou un bouc \u00e9missaires.\u00a0 ont-ils peur que ces jeunes s&rsquo;expriment ?.<\/p>\n<p>Toutes cette affaire n&rsquo;est qu&rsquo;un sympt\u00f4me d&rsquo;un malaise tr\u00e8s profond qui touche tous les protagonistes jeunes et seniors je republie ici-bas une publication que j&rsquo;ai r\u00e9dig\u00e9 sur Facebook en 2018 qui\u00a0 diagnostique et donne\u00a0 un traitement pour ce mal :<\/p>\n<p><em>{Le malheur de la g\u00e9n\u00e9ration actuelle de jeunes m\u00e9decins, c&rsquo;est qu&rsquo;elle n&rsquo;a que rarement \u00e9t\u00e9 en contact avec les grands mentors de la m\u00e9decine tunisienne, elle a \u00e9t\u00e9 tr\u00e8s mal encadr\u00e9e, elle a \u00e9t\u00e9 t\u00e9moin de tous les maux qu&rsquo;a fait subir \u00e0 notre corps de m\u00e9tier l&rsquo;activit\u00e9 priv\u00e9e compl\u00e9mentaire (APC) : manque de formation, manque d&rsquo;encadrement, perte des id\u00e9aux, des valeurs d&rsquo;abn\u00e9gation et de d\u00e9votion et de patriotisme que nos ma\u00eetres\u00a0 nous transmettaient jadis.<\/em><\/p>\n<p><em>Une jeunesse livr\u00e9e \u00e0 elle-m\u00eame devant la complexit\u00e9 de notre art et la violence d&rsquo;un citoyen de plus en plus exigeant et difficile \u00e0 satisfaire.<\/em><\/p>\n<p><em>C&rsquo;est pr\u00e9visible que ces jeunes d\u00e9pourvus de toutes armes pour faire face aux d\u00e9fis actuel et futur de la sant\u00e9 publique en Tunisie, cherchent \u00e0 exercer ailleurs (\u00e0 l\u2019\u00e9tranger) et qu&rsquo;ils aspirent \u00e0 quitter, au plus vite, un secteur qui glisse de plus en plus( m\u00eame dans nos centres hospitalo-universitaires) vers la pratique d&rsquo;une m\u00e9decine de guerre et de d\u00e9brouillage .<\/em><\/p>\n<p><em>Le cancer qui ronge notre m\u00e9tier c&rsquo;est \u00ab\u00a0l&rsquo;argent \u00a0\u00bb qui circule dans les couloirs de nos CHU.<\/em><\/p>\n<p><em>L&rsquo;APC abusive et anarchique finira par d\u00e9truire totalement ce qu&rsquo;\u00e9tait un succ\u00e8s Story nomm\u00e9e la m\u00e9decine tunisienne.<\/em><\/p>\n<p><em>Il faut certes que nos ma\u00eetres et professeurs aient tout le respect et les garanties morales et surtout mat\u00e9rielles pour mener \u00e0 bien leurs missions, et il faut aussi donner les moyens n\u00e9cessaires pour que nos jeunes soient en permanence encadr\u00e9s et qu&rsquo;ils retrouvent des mod\u00e8les \u00e0 qui s&rsquo;identifier.<\/em><\/p>\n<p><em>La valorisation de l&rsquo;encadrement pourrait se faire par la cr\u00e9ation d&rsquo;un \u00ab\u00a0fonds d&rsquo;encadrement et de recherche scientifique dans le domaine de sant\u00e9\u00a0\u00bb qui pourrait assurer une r\u00e9mun\u00e9ration juste et \u00e9quitable des efforts fournis par ces ma\u00eetres sans qu&rsquo;ils soient oblig\u00e9s d&rsquo;exercer une autre activit\u00e9 p\u00e9cuniaire \u201cd\u00e9gradante parfois \u201cau sein m\u00eame de leurs services.<\/em><\/p>\n<p><em>Ce fonds pourrait \u00eatre financ\u00e9 par une augmentation du ticket mod\u00e9rateur des CHU pour les consultations et les actes chirurgicaux , une participation obligatoire des laboratoires pharmaceutiques tunisiens et \u00e9trangers selon leurs chiffres d&rsquo;affaires, l&rsquo;orientation de la \u00ab\u00a0TVA de la honte\u00a0\u00bb la TVA sur la maladie Pay\u00e9e par le secteur lib\u00e9ral vers ce fonds&#8230;<\/em><\/p>\n<p><em>Ce fonds financerait le travail d&rsquo;encadrement et de recherche scientifique , sans distinction entre sp\u00e9cialit\u00e9s m\u00e9dico-chirurgicales (l\u00e0 o\u00f9 fleurit l&rsquo;APC) et les sp\u00e9cialit\u00e9s fondamentales (orphelines). ce financement serait sous forme de primes qui \u00e9voluait selon la productivit\u00e9 scientifique d&rsquo;un service et qui fournirait un compl\u00e9ment de salaire aux hospitalo-universitaires assistants, professeurs agr\u00e9g\u00e9s et professeurs qui choisir<\/em>ont de rester dans un secteur public sans APC et sans argent dans les couloirs&#8230;<br \/>\u00c0 bon entendeur&#8230;}<\/p>\n<p>L&rsquo;APC est l&rsquo;une des causes et non la seule de ce malaise, il faut \u0153uvrer \u00e0 mieux encadrer une jeunesse qui ne demande que \u00e7a, et ce n&rsquo;est pas par coup de conseils de discipline qu&rsquo;on imposerait le respect.<\/p>\n<p class=\"c2\"><strong>Docteur Alaeddine Sahnoun<\/strong><br \/><em>pr\u00e9sident du syndicat tunisien des m\u00e9decins lib\u00e9raux\u00a0 lib\u00e9raux section de Sousse<\/em><\/p>\n<p>Auteur:<br \/>\n<a href=\"https:\/\/www.leaders.com.tn\/article\/28366-le-malaise-des-jeunes-medecins-une-plaie-ouverte-qui-ne-trouve-pas-medecin\">Cliquez ici pour lire l&rsquo;article depuis sa source.<\/a><\/p>\n","protected":false},"excerpt":{"rendered":"<p>De nos jours nous vivons au rythme des actions de protestation de nos jeunes m\u00e9decins en formation contre ce qu&rsquo;ils consid\u00e8rent comme un abus de pouvoir et une atteinte \u00e0 la libert\u00e9 d&rsquo;expression subite par un de leurs confr\u00e8res. En effet l&rsquo;instance acad\u00e9mique de la facult\u00e9 de m\u00e9decine de Tunis n&rsquo;y est pas all\u00e9e de [&hellip;]<\/p>\n","protected":false},"author":1772,"featured_media":0,"comment_status":"closed","ping_status":"closed","sticky":false,"template":"","format":"standard","meta":{"fifu_image_url":"","fifu_image_alt":"","footnotes":""},"categories":[73,55],"tags":[],"class_list":["post-66824","post","type-post","status-publish","format-standard","hentry","category-actualite","category-tunisie"],"_links":{"self":[{"href":"https:\/\/linitiative.ca\/International\/wp-json\/wp\/v2\/posts\/66824","targetHints":{"allow":["GET"]}}],"collection":[{"href":"https:\/\/linitiative.ca\/International\/wp-json\/wp\/v2\/posts"}],"about":[{"href":"https:\/\/linitiative.ca\/International\/wp-json\/wp\/v2\/types\/post"}],"author":[{"embeddable":true,"href":"https:\/\/linitiative.ca\/International\/wp-json\/wp\/v2\/users\/1772"}],"replies":[{"embeddable":true,"href":"https:\/\/linitiative.ca\/International\/wp-json\/wp\/v2\/comments?post=66824"}],"version-history":[{"count":0,"href":"https:\/\/linitiative.ca\/International\/wp-json\/wp\/v2\/posts\/66824\/revisions"}],"wp:attachment":[{"href":"https:\/\/linitiative.ca\/International\/wp-json\/wp\/v2\/media?parent=66824"}],"wp:term":[{"taxonomy":"category","embeddable":true,"href":"https:\/\/linitiative.ca\/International\/wp-json\/wp\/v2\/categories?post=66824"},{"taxonomy":"post_tag","embeddable":true,"href":"https:\/\/linitiative.ca\/International\/wp-json\/wp\/v2\/tags?post=66824"}],"curies":[{"name":"wp","href":"https:\/\/api.w.org\/{rel}","templated":true}]}}