{"id":66826,"date":"2019-11-07T11:10:00","date_gmt":"2019-11-07T16:10:00","guid":{"rendered":"https:\/\/linitiative.ca\/International\/rached-ghannouchi-au-perchoir\/"},"modified":"2019-11-07T11:10:00","modified_gmt":"2019-11-07T16:10:00","slug":"rached-ghannouchi-au-perchoir","status":"publish","type":"post","link":"https:\/\/linitiative.ca\/International\/rached-ghannouchi-au-perchoir\/","title":{"rendered":"Rached Ghannouchi au perchoir?"},"content":{"rendered":"<p>En se portant candidat au Bardo et en raflant sans peine son si\u00e8ge, le chef d\u2019Ennahdha, Rached Ghannouchi, ne pensait sans doute pas se contenter de prendre place sur les bancs de l\u2019h\u00e9micycle. Depuis des mois d\u00e9j\u00e0, il caressait l\u2019ambition de se hisser au perchoir en se faisant \u00e9lire pr\u00e9sident de l\u2019Assembl\u00e9e des repr\u00e9sentants du peuple.<\/p>\n<p>Cons\u00e9cration d\u2019un parcours et fonction de choix parmi les trois importantes \u00e0 la t\u00eate de l\u2019Etat, elle le confirme dans un statut privil\u00e9gi\u00e9, tout en le lib\u00e9rant de l\u2019\u00e9puisante direction au quotidien de son mouvement. S\u2019il parvient \u00e0 y acc\u00e9der \u2014ce qui ne semble pas exclu gr\u00e2ce \u00e0 une coalition parlementaire n\u00e9goci\u00e9e\u2014, Ghannouchi laissera vacant la pr\u00e9sidence d\u2019Ennahdha et devra c\u00e9der la pr\u00e9sidence du gouvernement \u00e0 une personnalit\u00e9 non issue du mouvement. Verdict, mi-novembre.<\/p>\n<p class=\"c2\"><strong><a href=\"https:\/\/www.leaders.com.tn\/le_mensuel_abonnez_vous\"><img loading=\"lazy\" decoding=\"async\" src=\"\/uploads\/FCK_files\/Bondou(7).jpg\" alt=\"\" width=\"500\" vspace=\"5\" hspace=\"5\" height=\"128\" align=\"middle\"\/><\/a><\/strong><\/p>\n<p>Auteur:<br \/>\n<a href=\"https:\/\/www.leaders.com.tn\/article\/28362-rached-ghannouchi-au-perchoir\">Cliquez ici pour lire l&rsquo;article depuis sa source.<\/a><\/p>\n","protected":false},"excerpt":{"rendered":"<p>En se portant candidat au Bardo et en raflant sans peine son si\u00e8ge, le chef d\u2019Ennahdha, Rached Ghannouchi, ne pensait sans doute pas se contenter de prendre place sur les bancs de l\u2019h\u00e9micycle. Depuis des mois d\u00e9j\u00e0, il caressait l\u2019ambition de se hisser au perchoir en se faisant \u00e9lire pr\u00e9sident de l\u2019Assembl\u00e9e des repr\u00e9sentants du [&hellip;]<\/p>\n","protected":false},"author":1772,"featured_media":66827,"comment_status":"closed","ping_status":"closed","sticky":false,"template":"","format":"standard","meta":{"fifu_image_url":"","fifu_image_alt":"","footnotes":""},"categories":[73,55],"tags":[],"class_list":["post-66826","post","type-post","status-publish","format-standard","has-post-thumbnail","hentry","category-actualite","category-tunisie"],"_links":{"self":[{"href":"https:\/\/linitiative.ca\/International\/wp-json\/wp\/v2\/posts\/66826","targetHints":{"allow":["GET"]}}],"collection":[{"href":"https:\/\/linitiative.ca\/International\/wp-json\/wp\/v2\/posts"}],"about":[{"href":"https:\/\/linitiative.ca\/International\/wp-json\/wp\/v2\/types\/post"}],"author":[{"embeddable":true,"href":"https:\/\/linitiative.ca\/International\/wp-json\/wp\/v2\/users\/1772"}],"replies":[{"embeddable":true,"href":"https:\/\/linitiative.ca\/International\/wp-json\/wp\/v2\/comments?post=66826"}],"version-history":[{"count":0,"href":"https:\/\/linitiative.ca\/International\/wp-json\/wp\/v2\/posts\/66826\/revisions"}],"wp:featuredmedia":[{"embeddable":true,"href":"https:\/\/linitiative.ca\/International\/wp-json\/"}],"wp:attachment":[{"href":"https:\/\/linitiative.ca\/International\/wp-json\/wp\/v2\/media?parent=66826"}],"wp:term":[{"taxonomy":"category","embeddable":true,"href":"https:\/\/linitiative.ca\/International\/wp-json\/wp\/v2\/categories?post=66826"},{"taxonomy":"post_tag","embeddable":true,"href":"https:\/\/linitiative.ca\/International\/wp-json\/wp\/v2\/tags?post=66826"}],"curies":[{"name":"wp","href":"https:\/\/api.w.org\/{rel}","templated":true}]}}