{"id":66828,"date":"2019-11-07T12:56:00","date_gmt":"2019-11-07T17:56:00","guid":{"rendered":"https:\/\/linitiative.ca\/International\/pourquoi-zied-laadhari-a-demissionne-de-son-poste-de-ministre\/"},"modified":"2019-11-07T12:56:00","modified_gmt":"2019-11-07T17:56:00","slug":"pourquoi-zied-laadhari-a-demissionne-de-son-poste-de-ministre","status":"publish","type":"post","link":"https:\/\/linitiative.ca\/International\/pourquoi-zied-laadhari-a-demissionne-de-son-poste-de-ministre\/","title":{"rendered":"Pourquoi Zied Laadhari a d\u00e9missionn\u00e9 de son poste de ministre"},"content":{"rendered":"<p>Zied Laadhari ministre du D\u00e9veloppement, de l\u2019investissement et de la coop\u00e9ration dans le gouvernement Chahed a annonc\u00e9 jeudi sa d\u00e9mission.<\/p>\n<p>Elu au poste de d\u00e9put\u00e9 dans la circonscription de Sousse aux derni\u00e8res \u00e9lections l\u00e9gislatives, il a d\u00fb se conformer aux dispositions de l\u2019article 90 de la constitution qui interdit tout cumul entre un poste minist\u00e9riel et un mandat parlementaire au nom de la s\u00e9paration des pouvoirs. Son nom avait \u00e9t\u00e9 avanc\u00e9 par la presse comme le candidat d\u2019Ennahdha pour le poste de chef de gouvernement.<\/p>\n<p>Dans la m\u00eame journ\u00e9e, Iyad Dahmani, ministre charg\u00e9 des relations avec l&rsquo;ARP et\u00a0 porte-parole du gouvernement a \u00e9galement annonc\u00e9 sa d\u00e9mission.\u00a0<\/p>\n<p>Auteur:<br \/>\n<a href=\"https:\/\/www.leaders.com.tn\/article\/28368-pourquoi-zied-laadhari-a-demissionne-de-poste-de-ministre\">Cliquez ici pour lire l&rsquo;article depuis sa source.<\/a><\/p>\n","protected":false},"excerpt":{"rendered":"<p>Zied Laadhari ministre du D\u00e9veloppement, de l\u2019investissement et de la coop\u00e9ration dans le gouvernement Chahed a annonc\u00e9 jeudi sa d\u00e9mission. Elu au poste de d\u00e9put\u00e9 dans la circonscription de Sousse aux derni\u00e8res \u00e9lections l\u00e9gislatives, il a d\u00fb se conformer aux dispositions de l\u2019article 90 de la constitution qui interdit tout cumul entre un poste minist\u00e9riel [&hellip;]<\/p>\n","protected":false},"author":1772,"featured_media":0,"comment_status":"closed","ping_status":"closed","sticky":false,"template":"","format":"standard","meta":{"fifu_image_url":"","fifu_image_alt":"","footnotes":""},"categories":[73,55],"tags":[],"class_list":["post-66828","post","type-post","status-publish","format-standard","hentry","category-actualite","category-tunisie"],"_links":{"self":[{"href":"https:\/\/linitiative.ca\/International\/wp-json\/wp\/v2\/posts\/66828","targetHints":{"allow":["GET"]}}],"collection":[{"href":"https:\/\/linitiative.ca\/International\/wp-json\/wp\/v2\/posts"}],"about":[{"href":"https:\/\/linitiative.ca\/International\/wp-json\/wp\/v2\/types\/post"}],"author":[{"embeddable":true,"href":"https:\/\/linitiative.ca\/International\/wp-json\/wp\/v2\/users\/1772"}],"replies":[{"embeddable":true,"href":"https:\/\/linitiative.ca\/International\/wp-json\/wp\/v2\/comments?post=66828"}],"version-history":[{"count":0,"href":"https:\/\/linitiative.ca\/International\/wp-json\/wp\/v2\/posts\/66828\/revisions"}],"wp:attachment":[{"href":"https:\/\/linitiative.ca\/International\/wp-json\/wp\/v2\/media?parent=66828"}],"wp:term":[{"taxonomy":"category","embeddable":true,"href":"https:\/\/linitiative.ca\/International\/wp-json\/wp\/v2\/categories?post=66828"},{"taxonomy":"post_tag","embeddable":true,"href":"https:\/\/linitiative.ca\/International\/wp-json\/wp\/v2\/tags?post=66828"}],"curies":[{"name":"wp","href":"https:\/\/api.w.org\/{rel}","templated":true}]}}